{"id":12228,"date":"2022-02-07T09:02:12","date_gmt":"2022-02-07T08:02:12","guid":{"rendered":"https:\/\/letempsmag.ma\/?p=12228"},"modified":"2022-02-07T09:02:14","modified_gmt":"2022-02-07T08:02:14","slug":"la-cgem-invite-les-chefs-dentreprises-a-mettre-la-pression-sur-leurs-salaries-non-vaccines","status":"publish","type":"post","link":"https:\/\/letempsmag.ma\/?p=12228","title":{"rendered":"La CGEM invite les chefs d\u2019entreprises \u00e0 mettre la pression sur leurs salari\u00e9s non vaccin\u00e9s"},"content":{"rendered":"<p>Le Pr\u00e9sident de la Conf\u00e9d\u00e9ration G\u00e9n\u00e9rale des Entreprises du Maroc (CGEM), Chakib Alj (photo), a exhort\u00e9 les chefs d\u2019entreprises \u00e0 veiller au respect des consignes sanitaires et \u00e0 la vaccination de leur personnel. \u00abComme vous le savez, la pand\u00e9mie du \u00abCovid-19\u00bb continue \u00e0 avoir des r\u00e9percussions n\u00e9gatives sur notre sant\u00e9 et sur notre \u00e9conomie\u00bb, a-t-il d\u00e9clar\u00e9 dans une note adress\u00e9e aux chefs d\u2019entreprises, soulignant la n\u00e9cessit\u00e9 de continuer \u00e0 \u00abveiller rigoureusement au respect des mesures sanitaires au sein de nos entreprises, \u00e0 sensibiliser et \u00e0 encourager nos collaborateurs quant \u00e0 l\u2019importance de se faire vacciner de la troisi\u00e8me dose\u00bb. Cette troisi\u00e8me dose doit \u00eatre administr\u00e9e quatre mois apr\u00e8s la deuxi\u00e8me. Pour les personnes ayant contract\u00e9 le virus, la 3\u00e8me dose peut \u00eatre administr\u00e9e un mois apr\u00e8s la gu\u00e9rison, a rappel\u00e9 Chakib Alj, soulignant que ces recommandations \u00e9manent du minist\u00e8re de la Sant\u00e9 et de la Protection sociale. Il s\u2019agit de conditions sine qua non pour consolider les acquis et r\u00e9ussir la relance de l\u2019activit\u00e9 \u00e9conomique, notamment suite \u00e0 la r\u00e9ouverture de l\u2019espace a\u00e9rien, a insist\u00e9 le patron des patrons. (Photo : challenge.ma).<\/p>\n<p>A. A.<\/p>\n","protected":false},"excerpt":{"rendered":"<p>Le Pr\u00e9sident de la Conf\u00e9d\u00e9ration G\u00e9n\u00e9rale des Entreprises du Maroc (CGEM), Chakib Alj (photo), a exhort\u00e9 les chefs d\u2019entreprises \u00e0 veiller au respect des consignes sanitaires et \u00e0 la vaccination de leur personnel. \u00abComme vous le savez, la pand\u00e9mie du \u00abCovid-19\u00bb continue \u00e0 avoir des r\u00e9percussions n\u00e9gatives sur notre sant\u00e9 et sur notre \u00e9conomie\u00bb, a-t-il &hellip;<\/p>\n","protected":false},"author":2,"featured_media":12229,"comment_status":"open","ping_status":"closed","sticky":false,"template":"","format":"standard","meta":{"footnotes":""},"categories":[325],"tags":[],"class_list":["post-12228","post","type-post","status-publish","format-standard","has-post-thumbnail","hentry","category-vaccination"],"_links":{"self":[{"href":"https:\/\/letempsmag.ma\/index.php?rest_route=\/wp\/v2\/posts\/12228","targetHints":{"allow":["GET"]}}],"collection":[{"href":"https:\/\/letempsmag.ma\/index.php?rest_route=\/wp\/v2\/posts"}],"about":[{"href":"https:\/\/letempsmag.ma\/index.php?rest_route=\/wp\/v2\/types\/post"}],"author":[{"embeddable":true,"href":"https:\/\/letempsmag.ma\/index.php?rest_route=\/wp\/v2\/users\/2"}],"replies":[{"embeddable":true,"href":"https:\/\/letempsmag.ma\/index.php?rest_route=%2Fwp%2Fv2%2Fcomments&post=12228"}],"version-history":[{"count":1,"href":"https:\/\/letempsmag.ma\/index.php?rest_route=\/wp\/v2\/posts\/12228\/revisions"}],"predecessor-version":[{"id":12230,"href":"https:\/\/letempsmag.ma\/index.php?rest_route=\/wp\/v2\/posts\/12228\/revisions\/12230"}],"wp:featuredmedia":[{"embeddable":true,"href":"https:\/\/letempsmag.ma\/index.php?rest_route=\/wp\/v2\/media\/12229"}],"wp:attachment":[{"href":"https:\/\/letempsmag.ma\/index.php?rest_route=%2Fwp%2Fv2%2Fmedia&parent=12228"}],"wp:term":[{"taxonomy":"category","embeddable":true,"href":"https:\/\/letempsmag.ma\/index.php?rest_route=%2Fwp%2Fv2%2Fcategories&post=12228"},{"taxonomy":"post_tag","embeddable":true,"href":"https:\/\/letempsmag.ma\/index.php?rest_route=%2Fwp%2Fv2%2Ftags&post=12228"}],"curies":[{"name":"wp","href":"https:\/\/api.w.org\/{rel}","templated":true}]}}