{"id":12171,"date":"2022-02-04T19:06:14","date_gmt":"2022-02-04T18:06:14","guid":{"rendered":"https:\/\/letempsmag.ma\/?p=12171"},"modified":"2022-02-04T19:06:15","modified_gmt":"2022-02-04T18:06:15","slug":"vous-avez-dit-7-fevrier","status":"publish","type":"post","link":"https:\/\/letempsmag.ma\/?p=12171","title":{"rendered":"<div  style=\"text-align: center\"><strong>Vous avez dit 7 f\u00e9vrier\u00a0?<\/strong><\/div>"},"content":{"rendered":"\n<p class=\"has-text-align-center\"><strong>Par HASSAN EL ARCH<\/strong><\/p>\n\n\n\n<p class=\"has-text-align-center\"><strong>Directeur de la R\u00e9daction<\/strong><\/p>\n\n\n\n<p class=\"has-text-align-center\"><strong>direction@letempsmag.ma<\/strong><\/p>\n\n\n\n<p><\/p>\n\n\n\n<p>On ne parle (presque) plus que du 7 f\u00e9vrier 2022. Et l\u2019on comprend pourquoi. Ce que l\u2019on comprend moins &#8211; ou que l\u2019on comprend, mais que l\u2019on ne dig\u00e8re pas &#8211; est ce qui a fait de ce jour une date absolument \u00abprovidentielle\u00bb&nbsp;! Pour les Marocains de mani\u00e8re g\u00e9n\u00e9rale, et pour les op\u00e9rateurs \u00e9conomiques et les touristes en particulier.<\/p>\n\n\n\n<p>Tout se passe comme si la pr\u00e9sente version de notre logiciel de vie arrivait \u00e0 expiration le 6 f\u00e9vrier \u00e0 minuit et que sa mise \u00e0 jour, d\u00e8s l\u2019aube du lendemain, nous t\u00e9l\u00e9portera dans un v\u00e9cu enti\u00e8rement diff\u00e9rent. Non pas nouveau, mais simplement re-normalis\u00e9 puisque les fronti\u00e8res (et la libert\u00e9 de mouvement qu\u2019elles impliquent) ont \u00e9t\u00e9 ferm\u00e9es, en bonne et due forme, depuis novembre 2021. Du coup, des milliers de personnes fr\u00e9tillent de joie et d\u2019autres ressentent un immense soulagement \u00e0 l\u2019id\u00e9e de re-bouger de nouveau dans les deux sens des fronti\u00e8res.<\/p>\n\n\n\n<p>On consid\u00e8re tout \u00e0 coup pr\u00e9cieuse la chose dont on avait pourtant la jouissance naturelle, mais que l\u2019on a perdue. En recouvrer l\u2019usage confine au miracle pour certains. En particulier les familles \u00e9clat\u00e9es, les couples d\u00e9chir\u00e9s et les c\u00e9libataires forc\u00e9s \u00e0 l\u2019immobilit\u00e9 pendant pr\u00e8s de trois mois.<\/p>\n\n\n\n<p>Le gouvernement nous dit que c\u2019\u00e9tait un mal n\u00e9cessaire, que c\u2019\u00e9tait pour notre bien, que la situation \u00e9pid\u00e9miologique l\u2019exigeait, que la fermeture du ciel s\u2019est impos\u00e9e \u00e0 l\u2019\u00e9vidence, que les mutations du coronavirus appelaient une r\u00e9action radicale, que l\u2019on a \u00e9vit\u00e9 cinq ou six vagues virales en se barricadant, mais que l\u2019on peut maintenant reprendre une vie <em>\u00abnormale\u00bb<\/em> d\u00e8s le 7 f\u00e9vrier tout en restant prudent. Parce que les conditions de r\u00e9ouverture sont d\u00e9sormais\u2026 r\u00e9unies.<\/p>\n\n\n\n<p>Nous n\u2019entrerons pas dans une dialectique st\u00e9rile sur le bien-fond\u00e9 (ou non) des d\u00e9cisions de l\u2019Ex\u00e9cutif. Il dirige le pays avec la force de la Constitution. C\u2019est un fait. S\u2019en acquitte-t-il comme il se doit&nbsp;? C\u2019est tout un d\u00e9bat sur lequel devront plancher, un jour, chercheurs, universitaires, militants de la soci\u00e9t\u00e9 civile, journalistes et leaders d\u2019opinion. On se contente, pour ce qui nous concerne, de poser la question formul\u00e9e sur la Couverture du pr\u00e9sent num\u00e9ro&nbsp;: Rouvrir, c\u2019est bien&nbsp;! Fallait-il fermer&nbsp;? Toute la question est l\u00e0&nbsp;! Le drame dans ce genre de situation est que l\u2019on n\u2019est jamais, au grand jamais, certain que les d\u00e9cisions officielles prises aujourd\u2019hui ne seront pas mises \u00e0 la poubelle le lendemain, avec un brutal retour \u00e0 la case d\u00e9part&#8230; On est d\u00e9j\u00e0 pass\u00e9 par l\u00e0 avec l\u2019actuel gouvernement comme avec son pr\u00e9d\u00e9cesseur. Que Dieu nous vienne en aide&nbsp;!<\/p>\n","protected":false},"excerpt":{"rendered":"<p>Par HASSAN EL ARCH Directeur de la R\u00e9daction direction@letempsmag.ma On ne parle (presque) plus que du 7 f\u00e9vrier 2022. Et l\u2019on comprend pourquoi. Ce que l\u2019on comprend moins &#8211; ou que l\u2019on comprend, mais que l\u2019on ne dig\u00e8re pas &#8211; est ce qui a fait de ce jour une date absolument \u00abprovidentielle\u00bb&nbsp;! Pour les Marocains &hellip;<\/p>\n","protected":false},"author":9,"featured_media":1323,"comment_status":"open","ping_status":"closed","sticky":false,"template":"","format":"standard","meta":{"footnotes":""},"categories":[44],"tags":[],"class_list":["post-12171","post","type-post","status-publish","format-standard","has-post-thumbnail","hentry","category-edito"],"_links":{"self":[{"href":"https:\/\/letempsmag.ma\/index.php?rest_route=\/wp\/v2\/posts\/12171","targetHints":{"allow":["GET"]}}],"collection":[{"href":"https:\/\/letempsmag.ma\/index.php?rest_route=\/wp\/v2\/posts"}],"about":[{"href":"https:\/\/letempsmag.ma\/index.php?rest_route=\/wp\/v2\/types\/post"}],"author":[{"embeddable":true,"href":"https:\/\/letempsmag.ma\/index.php?rest_route=\/wp\/v2\/users\/9"}],"replies":[{"embeddable":true,"href":"https:\/\/letempsmag.ma\/index.php?rest_route=%2Fwp%2Fv2%2Fcomments&post=12171"}],"version-history":[{"count":1,"href":"https:\/\/letempsmag.ma\/index.php?rest_route=\/wp\/v2\/posts\/12171\/revisions"}],"predecessor-version":[{"id":12180,"href":"https:\/\/letempsmag.ma\/index.php?rest_route=\/wp\/v2\/posts\/12171\/revisions\/12180"}],"wp:featuredmedia":[{"embeddable":true,"href":"https:\/\/letempsmag.ma\/index.php?rest_route=\/wp\/v2\/media\/1323"}],"wp:attachment":[{"href":"https:\/\/letempsmag.ma\/index.php?rest_route=%2Fwp%2Fv2%2Fmedia&parent=12171"}],"wp:term":[{"taxonomy":"category","embeddable":true,"href":"https:\/\/letempsmag.ma\/index.php?rest_route=%2Fwp%2Fv2%2Fcategories&post=12171"},{"taxonomy":"post_tag","embeddable":true,"href":"https:\/\/letempsmag.ma\/index.php?rest_route=%2Fwp%2Fv2%2Ftags&post=12171"}],"curies":[{"name":"wp","href":"https:\/\/api.w.org\/{rel}","templated":true}]}}