{"id":11890,"date":"2022-01-27T10:18:34","date_gmt":"2022-01-27T09:18:34","guid":{"rendered":"https:\/\/letempsmag.ma\/?p=11890"},"modified":"2022-01-27T10:18:35","modified_gmt":"2022-01-27T09:18:35","slug":"le-sous-variant-ba-2-rendra-les-vagues-plus-hautes-et-plus-longues","status":"publish","type":"post","link":"https:\/\/letempsmag.ma\/?p=11890","title":{"rendered":"<strong>Le sous-variant \u00abBA.2\u00bb rendra les vagues \u00abplus hautes\u00bb et \u00abplus longues\u00bb&nbsp;!<\/strong>"},"content":{"rendered":"\n<p>Le sous variant d\u2019Omicron \u00abBA.2\u00bb n\u00e9cessite, selon les connaissances et donn\u00e9es disponibles \u00e0 ce jour, plus de vigilance que d\u2019inqui\u00e9tude. C\u2019est ce qu\u2019a indiqu\u00e9 samedi dernier le m\u00e9decin et chercheur en syst\u00e8mes et politiques de sant\u00e9, Dr Tayeb Hamdi (photo). Cit\u00e9 par notre confr\u00e8re LeSiteInfo, il a rappel\u00e9 que tant que la pand\u00e9mie est l\u00e0, le seul moyen d\u2019\u00e9viter les mauvaises surprises demeure la vaccination et le respect des mesures barri\u00e8res, l\u2019expert a fait observer dans une analyse intitul\u00e9e \u00abLe sous variant BA.2&nbsp;: la pand\u00e9mie n\u2019est pas derri\u00e8re nous\u00bb que le sous variant \u00abBA.2\u00bb d\u2019Omicron n\u2019est pas un nouveau variant proprement dit, mais \u00abun sous variant de la m\u00eame lign\u00e9e d\u2019Omicron\u00bb.<\/p>\n\n\n\n<p>Le sous variant \u00abBA.1\u00bb est dominant depuis quelques semaines et ce sous-variant appel\u00e9 \u00abBA.2\u00bb appartient \u00e0 la m\u00eame lign\u00e9e mais comporte une trentaine de mutations de plus que l\u2019Omicron \u00aboriginal\u00bb, dont presque une dizaine sur la prot\u00e9ine \u00abSpike\u00bb qui permet l\u2019entr\u00e9e du virus dans la cellule humaine et qui est aussi la cible des vaccins, a-t-il expliqu\u00e9.<\/p>\n\n\n\n<p>Selon le sp\u00e9cialiste, la communaut\u00e9 scientifique soup\u00e7onne ce sous-variant d\u2019\u00eatre plus transmissible que l\u2019Omicron \u00aboriginal\u00bb, qui lui-m\u00eame est d\u00e9j\u00e0 hautement contagieux et responsable de ces grandes vagues qui frappent plusieurs pays.<\/p>\n\n\n\n<p>Rappelons que le \u00abBA.2\u00bb a \u00e9t\u00e9 d\u00e9tect\u00e9 pour la premi\u00e8re fois en Chine, le 31 d\u00e9cembre dernier, sur un homme qui revenait d\u2019Inde. Il est d\u00e9j\u00e0 pr\u00e9sent aujourd\u2019hui dans plus de 40 pays dont Isra\u00ebl, les Etats-Unis, le Canada, le Danemark, l\u2019Australie, l\u2019Afrique du Sud, la Grande Bretagne, la France.<\/p>\n\n\n\n<p>\u00abAvec une virulence qui serait similaire&nbsp;\u00e0 l\u2019Omicron, ce sous-variant ne risquerait pas de dramatiser l\u2019\u00e9volution de la pand\u00e9mie, sauf \u00e0 rendre les vagues actuelles plus hautes et plus longues que pr\u00e9vues\u00bb, a estim\u00e9 Dr Tayeb Hamdi. Devant cette incertitude, le m\u00e9decin-chercheur a appel\u00e9 \u00e0 la vigilance, au respect des mesures barri\u00e8res individuelles et collectives et \u00e0 une vaccination selon un sch\u00e9ma complet.<\/p>\n\n\n\n<p><strong>M. E.<\/strong><\/p>\n","protected":false},"excerpt":{"rendered":"<p>Le sous variant d\u2019Omicron \u00abBA.2\u00bb n\u00e9cessite, selon les connaissances et donn\u00e9es disponibles \u00e0 ce jour, plus de vigilance que d\u2019inqui\u00e9tude. C\u2019est ce qu\u2019a indiqu\u00e9 samedi dernier le m\u00e9decin et chercheur en syst\u00e8mes et politiques de sant\u00e9, Dr Tayeb Hamdi (photo). Cit\u00e9 par notre confr\u00e8re LeSiteInfo, il a rappel\u00e9 que tant que la pand\u00e9mie est l\u00e0, &hellip;<\/p>\n","protected":false},"author":9,"featured_media":11891,"comment_status":"open","ping_status":"closed","sticky":false,"template":"","format":"standard","meta":{"footnotes":""},"categories":[536],"tags":[],"class_list":["post-11890","post","type-post","status-publish","format-standard","has-post-thumbnail","hentry","category-omicron"],"_links":{"self":[{"href":"https:\/\/letempsmag.ma\/index.php?rest_route=\/wp\/v2\/posts\/11890","targetHints":{"allow":["GET"]}}],"collection":[{"href":"https:\/\/letempsmag.ma\/index.php?rest_route=\/wp\/v2\/posts"}],"about":[{"href":"https:\/\/letempsmag.ma\/index.php?rest_route=\/wp\/v2\/types\/post"}],"author":[{"embeddable":true,"href":"https:\/\/letempsmag.ma\/index.php?rest_route=\/wp\/v2\/users\/9"}],"replies":[{"embeddable":true,"href":"https:\/\/letempsmag.ma\/index.php?rest_route=%2Fwp%2Fv2%2Fcomments&post=11890"}],"version-history":[{"count":1,"href":"https:\/\/letempsmag.ma\/index.php?rest_route=\/wp\/v2\/posts\/11890\/revisions"}],"predecessor-version":[{"id":11892,"href":"https:\/\/letempsmag.ma\/index.php?rest_route=\/wp\/v2\/posts\/11890\/revisions\/11892"}],"wp:featuredmedia":[{"embeddable":true,"href":"https:\/\/letempsmag.ma\/index.php?rest_route=\/wp\/v2\/media\/11891"}],"wp:attachment":[{"href":"https:\/\/letempsmag.ma\/index.php?rest_route=%2Fwp%2Fv2%2Fmedia&parent=11890"}],"wp:term":[{"taxonomy":"category","embeddable":true,"href":"https:\/\/letempsmag.ma\/index.php?rest_route=%2Fwp%2Fv2%2Fcategories&post=11890"},{"taxonomy":"post_tag","embeddable":true,"href":"https:\/\/letempsmag.ma\/index.php?rest_route=%2Fwp%2Fv2%2Ftags&post=11890"}],"curies":[{"name":"wp","href":"https:\/\/api.w.org\/{rel}","templated":true}]}}