{"id":11860,"date":"2022-01-26T10:19:34","date_gmt":"2022-01-26T09:19:34","guid":{"rendered":"https:\/\/letempsmag.ma\/?p=11860"},"modified":"2022-01-26T10:19:36","modified_gmt":"2022-01-26T09:19:36","slug":"le-livre-evenement-marocain-en-sortie-aujourdhui-avec-le-washington-times","status":"publish","type":"post","link":"https:\/\/letempsmag.ma\/?p=11860","title":{"rendered":"Le livre-\u00e9v\u00e9nement marocain en sortie aujourd\u2019hui avec le Washington Times"},"content":{"rendered":"\n<p><strong><em>C\u2019est officiel&nbsp;: le lancement de l\u2019ouvrage collectif \u00abHarm R\u00e9duction&nbsp;: The Manifesto\u00bb, publi\u00e9 par les \u00c9ditions Orion sous la direction de l\u2019\u00e9crivain et journaliste Abdelhak Najib, du Dr Imane Kendili et du Pr Jallal Toufiq, est lanc\u00e9 aujourd\u2019hui 26 janvier aux Etats-Unis, dans la capitale f\u00e9d\u00e9rale, en collaboration avec le prestigieux Washington Times.<\/em><\/strong><\/p>\n\n\n\n<p>Un important webinaire a \u00e9t\u00e9 mis sur pied \u00e0 Washington pour la sortie tr\u00e8s attendue de l\u2019ouvrage \u00abHarm Reduction&nbsp;: The Manifesto\u00bb, publi\u00e9 par les Editions Orion \u00e0 Casablanca. Une opportunit\u00e9 de marquer cette sortie en Am\u00e9rique pour un ouvrage qui regroupe plus de 26 sp\u00e9cialistes, m\u00e9decins, analystes, politologues, penseurs et autres sociologues et anthropologues traitant tous la question \u00f4 combien actuelle de la r\u00e9duction des risques par temps de grave pand\u00e9mie plan\u00e9taire qui secoue le monde depuis janvier 2020, touchant plus de 320 millions de personnes et faisant pas moins de 5 millions et demi de victimes aux quatre coins de la plan\u00e8te. Un livre \u00e9crit en fran\u00e7ais, en anglais, en arabe et en espagnol, bient\u00f4t traduit en allemand et en italien, qui est d\u00e9j\u00e0 consid\u00e9r\u00e9 par de nombreux observateurs comme le livre \u00e9v\u00e9nement de cette crise sanitaire. Un livre document\u00e9, \u00e9crit avec rigueur et profondeur, posant les bonnes questions qui pr\u00e9occupent \u00e0 la fois les populations, la soci\u00e9t\u00e9 dans ses diff\u00e9rentes ramifications, la soci\u00e9t\u00e9 civile, le corps m\u00e9dical, les autorit\u00e9s sanitaires et les diff\u00e9rents gouvernements dans un monde en proie \u00e0 une situation m\u00e9dicale inextricable, face \u00e0 un virus impr\u00e9vu qui fait des ravages depuis plus de deux ann\u00e9es.<\/p>\n\n\n\n<p><strong><em>Une pl\u00e9iade de penseurs<\/em><\/strong><\/p>\n\n\n\n<p>\u00abHarm Reduction&nbsp;: The Manifesto\u00bb regroupe les points de vue de plusieurs sommit\u00e9s m\u00e9dicales, de nombreux intellectuels et autres penseurs tels que Peter Harper, Fares Mili, Imane Kendili, Jallal Toufiq, Jean-Fran\u00e7ois Cl\u00e9ment, Jean-Marie Heydt, Abdelhak Najib, Zeina Al Moukarzel, Gabriel Malka, Sa\u00e2d Taoujni, Anas Doukkali, Raja Aghzadi, Najib Bensbia, Davis Gruson, David Khayat, Marc Dougan, Abdelaziz Alaoui, Fabien Brisard, Martin De Duve, Chakib Guessous, Mostapha Soueih, Mohamed Ibrahimi, Ana\u00efs Fossier, Gabriel Malka, Amahdou Mahater Ba, Youssef Mohi et Myriam Bahri. Des sensibilit\u00e9s diff\u00e9rentes, des cinq continents, chacune selon son exp\u00e9rience et son expertise, chacune selon son parcours et son domaine, qui font une lecture limpide du monde dans lequel nous vivons aujourd\u2019hui, un monde en proie \u00e0 des crises successives et des risques majeurs, non seulement au niveau de la sant\u00e9, mais \u00e0 tous les niveaux de la soci\u00e9t\u00e9, dans ses nombreuses imbrications.<\/p>\n\n\n\n<p>La r\u00e9duction des risques est ici abord\u00e9e dans son sens le plus large possible, allant au-del\u00e0 des crises sanitaires pour toucher tous les aspects de la vie humaine, et ce, \u00e0 tous les niveaux, de la politique \u00e0 l\u2019\u00e9cologie en passant par la soci\u00e9t\u00e9, par la culture et par les valeurs civiques impliquant ainsi le patient-citoyen en tant qu\u2019acteur principal dans cette approche de la r\u00e9duction des risques.<\/p>\n\n\n\n<p>Apr\u00e8s Casablanca, Paris et Prague, escale donc \u00e0 Washington avant de pr\u00e9senter le livre \u00e0 Dakar, \u00e0 Tokyo, \u00e0 Berlin et \u00e0 Londres, avec ce d\u00e9bat sans fin qui r\u00e9unit des noms tr\u00e8s connus, d\u00e9cortiquant les diff\u00e9rents points-cl\u00e9s de cet ouvrage collectif en apportant des \u00e9l\u00e9ments de r\u00e9ponse \u00e0 des questions simples sur la gestion des crises dans le futur partant des le\u00e7ons retenues face \u00e0 la crise du \u00abCovid-19\u00bb. Dans ce sens, Dr Imane Kendili repr\u00e9sente le Maroc et montre \u00e0 quel degr\u00e9 <em>\u00ables autorit\u00e9s marocaines ont pris la pleine mesure de cette crise en mettant en place une batterie de mesures pour \u00e0 la fois r\u00e9duire les risques et poser les jalons d\u2019une politique de sant\u00e9 r\u00e9solument tourn\u00e9e vers l\u2019avenir, avec tout ce que cela implique comme mesures, comme pr\u00e9visions et comme projections en vue d\u2019installer un socle mobile pour la gestion des diff\u00e9rentes crises pouvant nous mettre au d\u00e9fi de les appr\u00e9hender avec efficacit\u00e9 et efficience\u00bb<\/em>, affirme la psychiatre et addictologue.<\/p>\n\n\n\n<p><strong>A. N.<\/strong><\/p>\n","protected":false},"excerpt":{"rendered":"<p>C\u2019est officiel&nbsp;: le lancement de l\u2019ouvrage collectif \u00abHarm R\u00e9duction&nbsp;: The Manifesto\u00bb, publi\u00e9 par les \u00c9ditions Orion sous la direction de l\u2019\u00e9crivain et journaliste Abdelhak Najib, du Dr Imane Kendili et du Pr Jallal Toufiq, est lanc\u00e9 aujourd\u2019hui 26 janvier aux Etats-Unis, dans la capitale f\u00e9d\u00e9rale, en collaboration avec le prestigieux Washington Times. Un important webinaire &hellip;<\/p>\n","protected":false},"author":9,"featured_media":11861,"comment_status":"open","ping_status":"closed","sticky":false,"template":"","format":"standard","meta":{"footnotes":""},"categories":[574],"tags":[],"class_list":["post-11860","post","type-post","status-publish","format-standard","has-post-thumbnail","hentry","category-crise"],"_links":{"self":[{"href":"https:\/\/letempsmag.ma\/index.php?rest_route=\/wp\/v2\/posts\/11860","targetHints":{"allow":["GET"]}}],"collection":[{"href":"https:\/\/letempsmag.ma\/index.php?rest_route=\/wp\/v2\/posts"}],"about":[{"href":"https:\/\/letempsmag.ma\/index.php?rest_route=\/wp\/v2\/types\/post"}],"author":[{"embeddable":true,"href":"https:\/\/letempsmag.ma\/index.php?rest_route=\/wp\/v2\/users\/9"}],"replies":[{"embeddable":true,"href":"https:\/\/letempsmag.ma\/index.php?rest_route=%2Fwp%2Fv2%2Fcomments&post=11860"}],"version-history":[{"count":1,"href":"https:\/\/letempsmag.ma\/index.php?rest_route=\/wp\/v2\/posts\/11860\/revisions"}],"predecessor-version":[{"id":11862,"href":"https:\/\/letempsmag.ma\/index.php?rest_route=\/wp\/v2\/posts\/11860\/revisions\/11862"}],"wp:featuredmedia":[{"embeddable":true,"href":"https:\/\/letempsmag.ma\/index.php?rest_route=\/wp\/v2\/media\/11861"}],"wp:attachment":[{"href":"https:\/\/letempsmag.ma\/index.php?rest_route=%2Fwp%2Fv2%2Fmedia&parent=11860"}],"wp:term":[{"taxonomy":"category","embeddable":true,"href":"https:\/\/letempsmag.ma\/index.php?rest_route=%2Fwp%2Fv2%2Fcategories&post=11860"},{"taxonomy":"post_tag","embeddable":true,"href":"https:\/\/letempsmag.ma\/index.php?rest_route=%2Fwp%2Fv2%2Ftags&post=11860"}],"curies":[{"name":"wp","href":"https:\/\/api.w.org\/{rel}","templated":true}]}}