{"id":11837,"date":"2022-01-25T10:06:41","date_gmt":"2022-01-25T09:06:41","guid":{"rendered":"https:\/\/letempsmag.ma\/?p=11837"},"modified":"2022-01-25T10:06:42","modified_gmt":"2022-01-25T09:06:42","slug":"voila-comment-va-sarticuler-le-programme-national-awrach","status":"publish","type":"post","link":"https:\/\/letempsmag.ma\/?p=11837","title":{"rendered":"Voil\u00e0 comment va s\u2019articuler le programme national \u00abAwrach\u00bb"},"content":{"rendered":"\n<p>Voici l\u2019essentiel de la premi\u00e8re r\u00e9union du comit\u00e9 de pilotage du programme \u00abAwrach\u00bb, tenue \u00e0 Rabat pour fixer les modalit\u00e9s de mise en \u0153uvre du programme&nbsp;:<\/p>\n\n\n\n<p>&#8211; Validation du lancement du dispositif de mise en \u0153uvre du programme.<\/p>\n\n\n\n<p>&#8211; Les diff\u00e9rents guides des commissions r\u00e9gionales et provinciales et les diff\u00e9rentes conventions qui vont \u00eatre sign\u00e9es avec les conseils municipaux ont \u00e9t\u00e9 valid\u00e9s.<\/p>\n\n\n\n<p>&#8211; Une convention importante a \u00e9t\u00e9 paraph\u00e9e avec le minist\u00e8re d\u00e9l\u00e9gu\u00e9 aupr\u00e8s de la Ministre de l\u2019\u00c9conomie et des Finances, charg\u00e9 du Budget, la Caisse Nationale de la S\u00e9curit\u00e9 Sociale (CNSS) et l\u2019Agence Nationale de Promotion de l\u2019Emploi et des Comp\u00e9tences (ANAPEC), fixant les modalit\u00e9s de chaque d\u00e9pense.<\/p>\n\n\n\n<p>&#8211; Signature d\u2019un manuel de proc\u00e9dure fixant les modalit\u00e9s de d\u00e9caissement et des d\u00e9penses des primes d\u2019emploi pr\u00e9vues dans la composante \u00abII\u00bb du programme.<\/p>\n\n\n\n<p>&#8211; Visite pr\u00e9vue du Ministre de l\u2019Int\u00e9gration \u00e9conomique, de la Petite entreprise, de l\u2019Emploi et des Comp\u00e9tences, Younes Sekkouri, \u00e0 la province Mdiq-Fnideq avant de faire le tour de toutes les provinces nationales cibl\u00e9es par le programme, dans une premi\u00e8re phase.<\/p>\n\n\n\n<p><strong>A. A.<\/strong><\/p>\n","protected":false},"excerpt":{"rendered":"<p>Voici l\u2019essentiel de la premi\u00e8re r\u00e9union du comit\u00e9 de pilotage du programme \u00abAwrach\u00bb, tenue \u00e0 Rabat pour fixer les modalit\u00e9s de mise en \u0153uvre du programme&nbsp;: &#8211; Validation du lancement du dispositif de mise en \u0153uvre du programme. &#8211; Les diff\u00e9rents guides des commissions r\u00e9gionales et provinciales et les diff\u00e9rentes conventions qui vont \u00eatre sign\u00e9es &hellip;<\/p>\n","protected":false},"author":9,"featured_media":11838,"comment_status":"open","ping_status":"closed","sticky":false,"template":"","format":"standard","meta":{"footnotes":""},"categories":[200],"tags":[],"class_list":["post-11837","post","type-post","status-publish","format-standard","has-post-thumbnail","hentry","category-emploi"],"_links":{"self":[{"href":"https:\/\/letempsmag.ma\/index.php?rest_route=\/wp\/v2\/posts\/11837","targetHints":{"allow":["GET"]}}],"collection":[{"href":"https:\/\/letempsmag.ma\/index.php?rest_route=\/wp\/v2\/posts"}],"about":[{"href":"https:\/\/letempsmag.ma\/index.php?rest_route=\/wp\/v2\/types\/post"}],"author":[{"embeddable":true,"href":"https:\/\/letempsmag.ma\/index.php?rest_route=\/wp\/v2\/users\/9"}],"replies":[{"embeddable":true,"href":"https:\/\/letempsmag.ma\/index.php?rest_route=%2Fwp%2Fv2%2Fcomments&post=11837"}],"version-history":[{"count":1,"href":"https:\/\/letempsmag.ma\/index.php?rest_route=\/wp\/v2\/posts\/11837\/revisions"}],"predecessor-version":[{"id":11839,"href":"https:\/\/letempsmag.ma\/index.php?rest_route=\/wp\/v2\/posts\/11837\/revisions\/11839"}],"wp:featuredmedia":[{"embeddable":true,"href":"https:\/\/letempsmag.ma\/index.php?rest_route=\/wp\/v2\/media\/11838"}],"wp:attachment":[{"href":"https:\/\/letempsmag.ma\/index.php?rest_route=%2Fwp%2Fv2%2Fmedia&parent=11837"}],"wp:term":[{"taxonomy":"category","embeddable":true,"href":"https:\/\/letempsmag.ma\/index.php?rest_route=%2Fwp%2Fv2%2Fcategories&post=11837"},{"taxonomy":"post_tag","embeddable":true,"href":"https:\/\/letempsmag.ma\/index.php?rest_route=%2Fwp%2Fv2%2Ftags&post=11837"}],"curies":[{"name":"wp","href":"https:\/\/api.w.org\/{rel}","templated":true}]}}