{"id":11815,"date":"2022-01-24T10:29:58","date_gmt":"2022-01-24T09:29:58","guid":{"rendered":"https:\/\/letempsmag.ma\/?p=11815"},"modified":"2022-01-24T12:51:53","modified_gmt":"2022-01-24T11:51:53","slug":"mais-quarrive-t-il-donc-aux-abeilles-a-travers-le-maroc","status":"publish","type":"post","link":"https:\/\/letempsmag.ma\/?p=11815","title":{"rendered":"Mais qu&#8217;arrive-t-il donc aux abeilles \u00e0 travers le Maroc ?"},"content":{"rendered":"\n<p>Les abeilles ont tendance \u00e0 dispara\u00eetre, r\u00e9cemment, dans certaines r\u00e9gions du Maroc, selon notre confr\u00e8re LeSiteInfo qui cite l\u2019Office National de S\u00e9curit\u00e9 sanitaire des Produits Alimentaires (ONSSA). Un ph\u00e9nom\u00e8ne qui reste assez nouveau \u00e0 ce stade, a annonc\u00e9 vendredi dernier la Direction de l&#8217;Office.<\/p>\n\n\n\n<p>Le constat a \u00e9t\u00e9 relev\u00e9 \u00e0 l\u2019appui des premi\u00e8res observations sur le terrain effectu\u00e9es par les services v\u00e9t\u00e9rinaires provinciaux relevant de l\u2019ONSSA en coordination avec les repr\u00e9sentants de la F\u00e9d\u00e9ration Interprofessionnelle Marocaine de l\u2019Apiculture (FIMAP), indique un communiqu\u00e9 de l\u2019Office, qui pr\u00e9cise que cette enqu\u00eate sur le terrain s\u2019inscrit dans le cadre du suivi de l\u2019\u00e9tat de sant\u00e9 des ruchers dans le pays et intervient aussi suite au signalement par des apiculteurs de la d\u00e9sertion des abeilles&nbsp; dans certaines r\u00e9gions du Royaume.<\/p>\n\n\n\n<p>L\u2019objectif est de cerner l\u2019ampleur de ce ph\u00e9nom\u00e8ne in\u00e9dit et d\u2019en identifier les causes, note le communiqu\u00e9, assurant que les premiers r\u00e9sultats des visites in situ effectu\u00e9es par les \u00e9quipes relevant des services v\u00e9t\u00e9rinaires provinciaux portant sur environ 23.000 ruches ont permis de constater que cette d\u00e9sertion des ruches, dont l\u2019ampleur varie d\u2019une r\u00e9gion \u00e0 une autre, est un ph\u00e9nom\u00e8ne in\u00e9dit dans au Maroc.<\/p>\n\n\n\n<p>La m\u00eame source ajoute que les analyses effectu\u00e9es dans les laboratoires sur les ruches d\u2019abeilles excluent d\u2019une mani\u00e8re formelle l\u2019hypoth\u00e8se d\u2019une maladie.<\/p>\n","protected":false},"excerpt":{"rendered":"<p>Les abeilles ont tendance \u00e0 dispara\u00eetre, r\u00e9cemment, dans certaines r\u00e9gions du Maroc, selon notre confr\u00e8re LeSiteInfo qui cite l\u2019Office National de S\u00e9curit\u00e9 sanitaire des Produits Alimentaires (ONSSA). Un ph\u00e9nom\u00e8ne qui reste assez nouveau \u00e0 ce stade, a annonc\u00e9 vendredi dernier la Direction de l&#8217;Office. Le constat a \u00e9t\u00e9 relev\u00e9 \u00e0 l\u2019appui des premi\u00e8res observations sur &hellip;<\/p>\n","protected":false},"author":9,"featured_media":11816,"comment_status":"open","ping_status":"closed","sticky":false,"template":"","format":"standard","meta":{"footnotes":""},"categories":[570],"tags":[],"class_list":["post-11815","post","type-post","status-publish","format-standard","has-post-thumbnail","hentry","category-evironnement"],"_links":{"self":[{"href":"https:\/\/letempsmag.ma\/index.php?rest_route=\/wp\/v2\/posts\/11815","targetHints":{"allow":["GET"]}}],"collection":[{"href":"https:\/\/letempsmag.ma\/index.php?rest_route=\/wp\/v2\/posts"}],"about":[{"href":"https:\/\/letempsmag.ma\/index.php?rest_route=\/wp\/v2\/types\/post"}],"author":[{"embeddable":true,"href":"https:\/\/letempsmag.ma\/index.php?rest_route=\/wp\/v2\/users\/9"}],"replies":[{"embeddable":true,"href":"https:\/\/letempsmag.ma\/index.php?rest_route=%2Fwp%2Fv2%2Fcomments&post=11815"}],"version-history":[{"count":2,"href":"https:\/\/letempsmag.ma\/index.php?rest_route=\/wp\/v2\/posts\/11815\/revisions"}],"predecessor-version":[{"id":11830,"href":"https:\/\/letempsmag.ma\/index.php?rest_route=\/wp\/v2\/posts\/11815\/revisions\/11830"}],"wp:featuredmedia":[{"embeddable":true,"href":"https:\/\/letempsmag.ma\/index.php?rest_route=\/wp\/v2\/media\/11816"}],"wp:attachment":[{"href":"https:\/\/letempsmag.ma\/index.php?rest_route=%2Fwp%2Fv2%2Fmedia&parent=11815"}],"wp:term":[{"taxonomy":"category","embeddable":true,"href":"https:\/\/letempsmag.ma\/index.php?rest_route=%2Fwp%2Fv2%2Fcategories&post=11815"},{"taxonomy":"post_tag","embeddable":true,"href":"https:\/\/letempsmag.ma\/index.php?rest_route=%2Fwp%2Fv2%2Ftags&post=11815"}],"curies":[{"name":"wp","href":"https:\/\/api.w.org\/{rel}","templated":true}]}}