{"id":11797,"date":"2022-01-22T19:25:22","date_gmt":"2022-01-22T18:25:22","guid":{"rendered":"https:\/\/letempsmag.ma\/?p=11797"},"modified":"2022-01-22T19:25:23","modified_gmt":"2022-01-22T18:25:23","slug":"le-groupe-made-in-bled-a-fait-vibrer-la-villa-des-arts-de-rabat","status":"publish","type":"post","link":"https:\/\/letempsmag.ma\/?p=11797","title":{"rendered":"Le groupe Made In Bled a fait vibrer La Villa des Arts de Rabat"},"content":{"rendered":"\n<p>Un concert musical, \u00e0 l\u2019originalit\u00e9 r\u00e9sonante, du groupe Made In Bled, s\u2019est tenu hier vendredi \u00e0 Rabat, \u00e0 l\u2019initiative de la Fondation Al Mada-Villa des Arts, dans le cadre de son action pour la promotion des jeunes artistes de la sc\u00e8ne musicale.<\/p>\n\n\n\n<p>Organis\u00e9e dans le strict respect des mesures pr\u00e9ventives relatives au &#8220;Covid-19&#8221;, principalement par la pr\u00e9sence d\u2019un public r\u00e9duit, cette manifestation sonore a \u00e9t\u00e9 un moment de vibration \u00e9motionnelle au rythme fusionnel, de rock et de gnawa, avec des paroles inspir\u00e9es de la vie de tous les jours, traduisant des peurs, des angoisses, des joies et des plaisirs de la jeunesse marocaine avec pour seule ambition de raconter le monde par la musique.<\/p>\n\n\n\n<p>Exprimant sa joie de retrouver son public, apr\u00e8s un arr\u00eat impos\u00e9 par le contexte pand\u00e9mique mondial, le fondateur et chanteur de Made In Bled, Salim Salah Eddine, a indiqu\u00e9 dans une d\u00e9claration \u00e0 M24, la cha\u00eene d\u2019information en continu de la MAP, que les concerts pr\u00e9c\u00e9demment programm\u00e9s durant l\u2019ann\u00e9e 2020 ont \u00e9t\u00e9 report\u00e9s. \u00abCette suspension a \u00e9t\u00e9 dure \u00e0 vivre du c\u00f4t\u00e9 artistique\u00bb, a-t-il confi\u00e9.<\/p>\n\n\n\n<p>Saluant l\u2019initiative de la Fondation Al Mada-Villa des Arts qui abrite cet \u00e9v\u00e9nement musical urbain, le leader du groupe casablancais a relev\u00e9 que le son de Made in Bled est un m\u00e9lange de diverses cultures et d\u2019influences principalement celles du reggae et du cha\u00e2bi marocain.<\/p>\n\n\n\n<p>Fond\u00e9 en 2006, le groupe pr\u00e9pare actuellement un mini-album, avec une compilation de cinq titres qui sortira vers mars-avril 2022, a-t-il signal\u00e9, exprimant le v\u0153u de voir les opportunit\u00e9s de sc\u00e8nes reprendre dans le temps. Dans le m\u00eame ordre d\u2019id\u00e9es, le trompettiste du groupe, Mohamed Bekkar, n\u2019a pas cach\u00e9 sa joie de se produire sur sc\u00e8ne en compagnie des membres du groupe apr\u00e8s un arr\u00eat de deux ans. \u00abC\u2019est lourd de ne pas jouer devant un public, car le digital ne compense en rien ses interactions humaines\u00bb, a-t-il insist\u00e9.<\/p>\n\n\n\n<p>S\u2019agissant de son choix de rejoindre Made In Bled, il y a pr\u00e8s de quatre ans, l&#8217;artiste trentenaire a indiqu\u00e9 que le groupe porte un message fort, illustr\u00e9 par ses chansons qui traitent des questions soci\u00e9tales et s\u2019abreuvent d\u2019une diversit\u00e9 musicale alliant reggae, cha\u00e2bi marocain et beats africains.<\/p>\n\n\n\n<p>Fort de sept membres, chacun ayant \u00e9t\u00e9 berc\u00e9 par des styles musicaux diff\u00e9rents (cha\u00e2bi, blues, rock, reggae, gnawa, musique classique), Made In Bled fusionne naturellement les genres et les influences pour partager ces richesses issues des m\u00e9tissages. \u00abLeur musique est un savant m\u00e9lange entre ska, dub, world fusion et roots sur fond reggae et des textes amenant \u00e0 la r\u00e9flexion\u00bb, apprend-on aupr\u00e8s de la Fondation Al Mada-Villa des Arts.<\/p>\n\n\n\n<p>Avec le dynamisme et la fra\u00eecheur de sa jeunesse, le groupe offre \u00e0 chaque prestation un sourire, une f\u00eate et une ambiance des plus enivrantes, tout en d\u00e9fendant cette valeur commune \u00e0 tous les membres qui est l\u2019origine africaine du Maroc qu\u2019ils ne cessent d\u2019exprimer artistiquement \u00e0 travers leur travail de cr\u00e9ation musicale, ajoute-on.<\/p>\n\n\n\n<p><strong>A. A.<\/strong><\/p>\n","protected":false},"excerpt":{"rendered":"<p>Un concert musical, \u00e0 l\u2019originalit\u00e9 r\u00e9sonante, du groupe Made In Bled, s\u2019est tenu hier vendredi \u00e0 Rabat, \u00e0 l\u2019initiative de la Fondation Al Mada-Villa des Arts, dans le cadre de son action pour la promotion des jeunes artistes de la sc\u00e8ne musicale. Organis\u00e9e dans le strict respect des mesures pr\u00e9ventives relatives au &#8220;Covid-19&#8221;, principalement par &hellip;<\/p>\n","protected":false},"author":9,"featured_media":11798,"comment_status":"open","ping_status":"closed","sticky":false,"template":"","format":"standard","meta":{"footnotes":""},"categories":[51],"tags":[],"class_list":["post-11797","post","type-post","status-publish","format-standard","has-post-thumbnail","hentry","category-culture"],"_links":{"self":[{"href":"https:\/\/letempsmag.ma\/index.php?rest_route=\/wp\/v2\/posts\/11797","targetHints":{"allow":["GET"]}}],"collection":[{"href":"https:\/\/letempsmag.ma\/index.php?rest_route=\/wp\/v2\/posts"}],"about":[{"href":"https:\/\/letempsmag.ma\/index.php?rest_route=\/wp\/v2\/types\/post"}],"author":[{"embeddable":true,"href":"https:\/\/letempsmag.ma\/index.php?rest_route=\/wp\/v2\/users\/9"}],"replies":[{"embeddable":true,"href":"https:\/\/letempsmag.ma\/index.php?rest_route=%2Fwp%2Fv2%2Fcomments&post=11797"}],"version-history":[{"count":1,"href":"https:\/\/letempsmag.ma\/index.php?rest_route=\/wp\/v2\/posts\/11797\/revisions"}],"predecessor-version":[{"id":11799,"href":"https:\/\/letempsmag.ma\/index.php?rest_route=\/wp\/v2\/posts\/11797\/revisions\/11799"}],"wp:featuredmedia":[{"embeddable":true,"href":"https:\/\/letempsmag.ma\/index.php?rest_route=\/wp\/v2\/media\/11798"}],"wp:attachment":[{"href":"https:\/\/letempsmag.ma\/index.php?rest_route=%2Fwp%2Fv2%2Fmedia&parent=11797"}],"wp:term":[{"taxonomy":"category","embeddable":true,"href":"https:\/\/letempsmag.ma\/index.php?rest_route=%2Fwp%2Fv2%2Fcategories&post=11797"},{"taxonomy":"post_tag","embeddable":true,"href":"https:\/\/letempsmag.ma\/index.php?rest_route=%2Fwp%2Fv2%2Ftags&post=11797"}],"curies":[{"name":"wp","href":"https:\/\/api.w.org\/{rel}","templated":true}]}}