{"id":11791,"date":"2022-01-22T19:23:35","date_gmt":"2022-01-22T18:23:35","guid":{"rendered":"https:\/\/letempsmag.ma\/?p=11791"},"modified":"2022-01-22T19:23:35","modified_gmt":"2022-01-22T18:23:35","slug":"le-concours-climtna-a-consacre-lesprit-dinnovation-des-jeunes-marocains","status":"publish","type":"post","link":"https:\/\/letempsmag.ma\/?p=11791","title":{"rendered":"Le concours \u00abClimtna\u00bb a consacr\u00e9 l&#8217;esprit d&#8217;innovation des jeunes Marocains"},"content":{"rendered":"\n<p>La c\u00e9r\u00e9monie de remise des prix du concours \u201cClimtna\u201d, lanc\u00e9 par Hit Radio en partenariat avec la d\u00e9l\u00e9gation de l\u2019Union Europ\u00e9enne (UE) au Maroc, afin de couronner les meilleurs projets \u201ceco-friendly\u201d et encourager leurs porteurs \u00e0 fournir plus d\u2019efforts en faveur de l\u2019environnement, a \u00e9t\u00e9 organis\u00e9e jeudi \u00e0 Rabat.<\/p>\n\n\n\n<p>La campagne \u201cClimtna\u201d, qui signifie \u201cnotre parole\u201d, a pour but de mettre en garde les jeunes marocains contre le ph\u00e9nom\u00e8ne du r\u00e9chauffement climatique, d\u00fb principalement \u00e0 la pollution engendr\u00e9e par l\u2019activit\u00e9 humaine. Le concours gratifie ainsi les jeunes porteurs de projets et les associations locales qui s\u2019emploient \u00e0 donner \u00e0 la question environnementale la place qui lui \u00e9choit et \u00e0 contribuer \u00e0 la r\u00e9alisation d\u2019un d\u00e9veloppement durable et interg\u00e9n\u00e9rationnel. Le contenu et les messages cl\u00e9s de la campagne ont \u00e9t\u00e9 d\u00e9clin\u00e9s en vid\u00e9os et podcasts accessibles sur les plateformes digitales de Hit Radio qui comptent plus de 7,5 millions d\u2019abonn\u00e9s, ainsi que sur les r\u00e9seaux sociaux de l\u2019UE au Maroc.<\/p>\n\n\n\n<p>Intervenant \u00e0 cette occasion, la Directrice G\u00e9n\u00e9rale adjointe du groupe Hit Radio, Boumehdi Ilham, a expliqu\u00e9 que la campagne \u201cClimtna&nbsp;traduit l\u2019engagement de Hit Radio en faveur de l\u2019\u00e9galit\u00e9 du genre, de la participation des jeunes \u00e0 la vie publique et au d\u00e9veloppement durable, soulignant l\u2019ambition du groupe \u201cd\u2019\u00eatre un m\u00e9dia citoyen au service des valeurs positives et universelles\u201d.<\/p>\n\n\n\n<p>Pour sa part, l\u2019Ambassadrice de l\u2019UE au Maroc, Patricia Llombart, s\u2019est r\u00e9jouie des messages pertinents et des initiatives individuelles et associatives que la campagne \u201cClimtna\u201d a permis de d\u00e9couvrir, saluant, dans une d\u00e9claration \u00e0 M24, la cha\u00eene d\u2019information en continu de la MAP, \u201cla prise de conscience\u201d des jeunes marocaines et marocains de l\u2019enjeu que repr\u00e9sente le changement climatique et du r\u00f4le qu\u2019ils sont appel\u00e9s \u00e0 jouer en proposant des projet \u201ceco-friendly\u201d concrets, pour une meilleure protection de l\u2019environnement et lutte contre la d\u00e9gradation du climat.<\/p>\n\n\n\n<p>L\u2019Ambassadrice a en outre exprim\u00e9 sa satisfaction quant au nombre des jeunes marocains qui ont particip\u00e9 \u00e0 cette campagne, plus de 200 participations ayant \u00e9t\u00e9 enregistr\u00e9es. Soumia Elouassouli et Asmahan Ait Chattou, \u00e9tudiantes ing\u00e9nieurs, sont le bin\u00f4me qui a remport\u00e9 ce concours gr\u00e2ce au d\u00e9veloppement d\u2019une application de d\u00e9tection des feux de for\u00eat, d\u2019abattage des arbres et du braconnage.<\/p>\n\n\n\n<p>\u201cC\u2019est une application qui sert de dispositif intelligent de supervision et d\u2019alerte \u00e0 distance, ayant pour but de fournir aux d\u00e9cideurs un tableau de bord, leur permettant d\u2019\u00e9tablir des plans d\u2019actions efficaces et moins co\u00fbteux\u201d, a expliqu\u00e9 Soumia Elouassouli, notant que l\u2019application est adress\u00e9e au minist\u00e8re de l\u2019agriculture ainsi qu\u2019aux entreprises qui op\u00e8rent dans le secteur agricole. \u201cNous sommes dans l\u2019obligation de pr\u00e9server notre plan\u00e8te\u201d, a-t-elle ajout\u00e9.<\/p>\n\n\n\n<p>Deux &#8220;coups de c\u0153ur&#8221; ont \u00e9t\u00e9 gratifi\u00e9s dans le cadre de ce concours, \u00e0 savoir les projets de tri et recyclage de mat\u00e9riel informatique baptis\u00e9 \u201cAtlantic Nation\u201d et de production de biocharbon \u00e0 base de d\u00e9chets d\u2019extraction de l\u2019huile d\u2019olive, port\u00e9s respectivement par Yassine El Haddouchi et Bachir El Yafi.<\/p>\n\n\n\n<p>Avec plus de 100 \u201cprojets verts\u201d men\u00e9s au Maroc depuis plusieurs ann\u00e9es, l\u2019UE et le Maroc consolident leur collaboration bilat\u00e9rale, qui vise le bien-\u00eatre des g\u00e9n\u00e9rations pr\u00e9sentes et futures, \u00e0 travers un \u201cpartenariat vert Maroc-UE\u201d et la mise en place d\u2019actions concr\u00e8tes visant la protection de l\u2019environnement.<\/p>\n\n\n\n<p>La campagne \u201cClimtna\u201d met en avant certains projets port\u00e9s par l\u2019UE au Maroc pour informer les citoyens des efforts d\u00e9ploy\u00e9s en vue de soutenir les diff\u00e9rentes mesures de lutte contre le changement climatique.<\/p>\n\n\n\n<p><strong>C. A.<\/strong><\/p>\n","protected":false},"excerpt":{"rendered":"<p>La c\u00e9r\u00e9monie de remise des prix du concours \u201cClimtna\u201d, lanc\u00e9 par Hit Radio en partenariat avec la d\u00e9l\u00e9gation de l\u2019Union Europ\u00e9enne (UE) au Maroc, afin de couronner les meilleurs projets \u201ceco-friendly\u201d et encourager leurs porteurs \u00e0 fournir plus d\u2019efforts en faveur de l\u2019environnement, a \u00e9t\u00e9 organis\u00e9e jeudi \u00e0 Rabat. La campagne \u201cClimtna\u201d, qui signifie \u201cnotre &hellip;<\/p>\n","protected":false},"author":9,"featured_media":11792,"comment_status":"open","ping_status":"closed","sticky":false,"template":"","format":"standard","meta":{"footnotes":""},"categories":[570],"tags":[],"class_list":["post-11791","post","type-post","status-publish","format-standard","has-post-thumbnail","hentry","category-evironnement"],"_links":{"self":[{"href":"https:\/\/letempsmag.ma\/index.php?rest_route=\/wp\/v2\/posts\/11791","targetHints":{"allow":["GET"]}}],"collection":[{"href":"https:\/\/letempsmag.ma\/index.php?rest_route=\/wp\/v2\/posts"}],"about":[{"href":"https:\/\/letempsmag.ma\/index.php?rest_route=\/wp\/v2\/types\/post"}],"author":[{"embeddable":true,"href":"https:\/\/letempsmag.ma\/index.php?rest_route=\/wp\/v2\/users\/9"}],"replies":[{"embeddable":true,"href":"https:\/\/letempsmag.ma\/index.php?rest_route=%2Fwp%2Fv2%2Fcomments&post=11791"}],"version-history":[{"count":1,"href":"https:\/\/letempsmag.ma\/index.php?rest_route=\/wp\/v2\/posts\/11791\/revisions"}],"predecessor-version":[{"id":11793,"href":"https:\/\/letempsmag.ma\/index.php?rest_route=\/wp\/v2\/posts\/11791\/revisions\/11793"}],"wp:featuredmedia":[{"embeddable":true,"href":"https:\/\/letempsmag.ma\/index.php?rest_route=\/wp\/v2\/media\/11792"}],"wp:attachment":[{"href":"https:\/\/letempsmag.ma\/index.php?rest_route=%2Fwp%2Fv2%2Fmedia&parent=11791"}],"wp:term":[{"taxonomy":"category","embeddable":true,"href":"https:\/\/letempsmag.ma\/index.php?rest_route=%2Fwp%2Fv2%2Fcategories&post=11791"},{"taxonomy":"post_tag","embeddable":true,"href":"https:\/\/letempsmag.ma\/index.php?rest_route=%2Fwp%2Fv2%2Ftags&post=11791"}],"curies":[{"name":"wp","href":"https:\/\/api.w.org\/{rel}","templated":true}]}}