{"id":11763,"date":"2022-01-19T10:14:21","date_gmt":"2022-01-19T09:14:21","guid":{"rendered":"https:\/\/letempsmag.ma\/?p=11763"},"modified":"2022-01-19T10:14:22","modified_gmt":"2022-01-19T09:14:22","slug":"lasmex-lance-une-nouvelle-version-de-la-plateforme-e-xport-morocco","status":"publish","type":"post","link":"https:\/\/letempsmag.ma\/?p=11763","title":{"rendered":"L\u2019ASMEX lance une nouvelle version de la plateforme \u00abE-xport Morocco\u00bb"},"content":{"rendered":"\n<p>L\u2019Association Marocaine des Exportateurs (ASMEX) vient d\u2019annoncer le lancement d\u2019une nouvelle version de sa plateforme \u00abE-xport Morocco\u00bb, pour une nouvelle exp\u00e9rience orient\u00e9e importateur.<\/p>\n\n\n\n<p>\u00ab\u00c0 l\u2019occasion de son 5<sup>\u00e8me<\/sup> anniversaire, la plateforme \u00abe-xportmorocco.com\u00bb fait peau neuve. Une nouvelle version a \u00e9t\u00e9 mise en ligne par l\u2019ASMEX, proposant ainsi aux utilisateurs une nouvelle exp\u00e9rience orient\u00e9e importateur\u00bb, indique l\u2019Association dans un communiqu\u00e9. Outre son nouveau design moderne et \u00e9pur\u00e9, la nouvelle interface offre d\u00e9sormais un acc\u00e8s facile au catalogue des produits et services exportables et un processus de mise en relation simplifi\u00e9 et 100% digital \u00e0 travers les demandes de devis en ligne et les demandes de rencontres \u00abB2B\u00bb, pr\u00e9cise la m\u00eame source, notant qu\u2019elle est disponible en fran\u00e7ais et en anglais pour de meilleures visibilit\u00e9 et accessibilit\u00e9.<\/p>\n\n\n\n<p>\u00c0 cette occasion, le Pr\u00e9sident de l\u2019ASMEX, Hassan Sentissi El Idrissi, a soulign\u00e9 que cette plateforme, lanc\u00e9e par l\u2019Association en 2017, trouve aujourd\u2019hui tout son sens et sera encore plus utile pour les exportateurs dans le contexte actuel. \u00abLa crise sanitaire a renforc\u00e9 l\u2019utilisation du digital qui est devenu un outil incontournable pour aborder de nouveaux march\u00e9s. Nous sommes donc heureux d\u2019offrir \u00e0 nos exportateurs une solution technologique sans cesse am\u00e9lior\u00e9e pour r\u00e9pondre efficacement \u00e0 leurs attentes\u00bb, indique le patron de l\u2019ASMEX.<\/p>\n\n\n\n<p><strong>A. A.<\/strong><\/p>\n","protected":false},"excerpt":{"rendered":"<p>L\u2019Association Marocaine des Exportateurs (ASMEX) vient d\u2019annoncer le lancement d\u2019une nouvelle version de sa plateforme \u00abE-xport Morocco\u00bb, pour une nouvelle exp\u00e9rience orient\u00e9e importateur. \u00ab\u00c0 l\u2019occasion de son 5\u00e8me anniversaire, la plateforme \u00abe-xportmorocco.com\u00bb fait peau neuve. Une nouvelle version a \u00e9t\u00e9 mise en ligne par l\u2019ASMEX, proposant ainsi aux utilisateurs une nouvelle exp\u00e9rience orient\u00e9e importateur\u00bb, indique &hellip;<\/p>\n","protected":false},"author":9,"featured_media":11764,"comment_status":"open","ping_status":"closed","sticky":false,"template":"","format":"standard","meta":{"footnotes":""},"categories":[301],"tags":[],"class_list":["post-11763","post","type-post","status-publish","format-standard","has-post-thumbnail","hentry","category-export"],"_links":{"self":[{"href":"https:\/\/letempsmag.ma\/index.php?rest_route=\/wp\/v2\/posts\/11763","targetHints":{"allow":["GET"]}}],"collection":[{"href":"https:\/\/letempsmag.ma\/index.php?rest_route=\/wp\/v2\/posts"}],"about":[{"href":"https:\/\/letempsmag.ma\/index.php?rest_route=\/wp\/v2\/types\/post"}],"author":[{"embeddable":true,"href":"https:\/\/letempsmag.ma\/index.php?rest_route=\/wp\/v2\/users\/9"}],"replies":[{"embeddable":true,"href":"https:\/\/letempsmag.ma\/index.php?rest_route=%2Fwp%2Fv2%2Fcomments&post=11763"}],"version-history":[{"count":1,"href":"https:\/\/letempsmag.ma\/index.php?rest_route=\/wp\/v2\/posts\/11763\/revisions"}],"predecessor-version":[{"id":11765,"href":"https:\/\/letempsmag.ma\/index.php?rest_route=\/wp\/v2\/posts\/11763\/revisions\/11765"}],"wp:featuredmedia":[{"embeddable":true,"href":"https:\/\/letempsmag.ma\/index.php?rest_route=\/wp\/v2\/media\/11764"}],"wp:attachment":[{"href":"https:\/\/letempsmag.ma\/index.php?rest_route=%2Fwp%2Fv2%2Fmedia&parent=11763"}],"wp:term":[{"taxonomy":"category","embeddable":true,"href":"https:\/\/letempsmag.ma\/index.php?rest_route=%2Fwp%2Fv2%2Fcategories&post=11763"},{"taxonomy":"post_tag","embeddable":true,"href":"https:\/\/letempsmag.ma\/index.php?rest_route=%2Fwp%2Fv2%2Ftags&post=11763"}],"curies":[{"name":"wp","href":"https:\/\/api.w.org\/{rel}","templated":true}]}}