{"id":11757,"date":"2022-01-19T10:12:25","date_gmt":"2022-01-19T09:12:25","guid":{"rendered":"https:\/\/letempsmag.ma\/?p=11757"},"modified":"2022-01-19T10:12:27","modified_gmt":"2022-01-19T09:12:27","slug":"la-cgem-et-ladministration-des-douanes-la-main-dans-la-main","status":"publish","type":"post","link":"https:\/\/letempsmag.ma\/?p=11757","title":{"rendered":"La CGEM et l\u2019Administration des Douanes la main dans la main"},"content":{"rendered":"\n<p>La Conf\u00e9d\u00e9ration G\u00e9n\u00e9rale des Entreprises du Maroc (CGEM) et l\u2019Administration des Douanes et Imp\u00f4ts Indirects (ADII) ont proc\u00e9d\u00e9 lundi dernier \u00e0 Casablanca \u00e0 la signature d\u2019un accord-cadre mat\u00e9rialisant le partenariat entre les deux institutions en faveur d\u2019un accompagnement plus important des entreprises marocaines op\u00e9rant dans le commerce international.<\/p>\n\n\n\n<p>Sign\u00e9 par Chakib Alj, Pr\u00e9sident de la CGEM, et Nabyl Lakhdar, Directeur G\u00e9n\u00e9ral de l\u2019ADII, cet accord vise \u00e0 promouvoir les services de la Douane aupr\u00e8s des membres de la CGEM par la mise en place d\u2019une cat\u00e9gorisation d\u2019entreprises, en instaurant des m\u00e9canismes de facilitation des op\u00e9rations du commerce international, et en s\u00e9curisant la cha\u00eene logistique, selon les normes et la r\u00e9glementation en vigueur, tout en pr\u00e9servant la production nationale de la concurrence \u00e9trang\u00e8re.<\/p>\n\n\n\n<p>\u00c0 ce propos, le Pr\u00e9sident du patronat a exprim\u00e9 sa satisfaction en d\u00e9clarant&nbsp;: \u00abNotre objectif commun, \u00e0 travers cette convention qui s\u2019inscrit dans le cadre du partenariat CGEM-ADII, est l\u2019am\u00e9lioration du climat des affaires et le renforcement de la comp\u00e9titivit\u00e9 des entreprises marocaines pour qu\u2019elles puissent mieux s\u2019exporter\u00bb.<\/p>\n\n\n\n<p>Pour sa part, le patron de l\u2019ADII a pr\u00e9cis\u00e9 que la facilitation des proc\u00e9dures et la simplification du transit des marchandises sont au centre de l\u2019action de l\u2019Administration des Douanes, qui a mis en place une bo\u00eete \u00e0 id\u00e9es pour recueillir les propositions des douaniers et des op\u00e9rateurs \u00e9conomiques qui versent dans l\u2019am\u00e9lioration de la comp\u00e9titivit\u00e9 de l\u2019entreprise nationale.<\/p>\n\n\n\n<p>Un Comit\u00e9 de Pilotage, pr\u00e9sid\u00e9 par les deux hauts responsables, a \u00e9t\u00e9 mis en place afin d\u2019assurer le suivi de la mise en \u0153uvre de cette convention.<\/p>\n\n\n\n<p><strong>L. F.<\/strong><\/p>\n","protected":false},"excerpt":{"rendered":"<p>La Conf\u00e9d\u00e9ration G\u00e9n\u00e9rale des Entreprises du Maroc (CGEM) et l\u2019Administration des Douanes et Imp\u00f4ts Indirects (ADII) ont proc\u00e9d\u00e9 lundi dernier \u00e0 Casablanca \u00e0 la signature d\u2019un accord-cadre mat\u00e9rialisant le partenariat entre les deux institutions en faveur d\u2019un accompagnement plus important des entreprises marocaines op\u00e9rant dans le commerce international. Sign\u00e9 par Chakib Alj, Pr\u00e9sident de la &hellip;<\/p>\n","protected":false},"author":9,"featured_media":11758,"comment_status":"open","ping_status":"closed","sticky":false,"template":"","format":"standard","meta":{"footnotes":""},"categories":[158],"tags":[],"class_list":["post-11757","post","type-post","status-publish","format-standard","has-post-thumbnail","hentry","category-business"],"_links":{"self":[{"href":"https:\/\/letempsmag.ma\/index.php?rest_route=\/wp\/v2\/posts\/11757","targetHints":{"allow":["GET"]}}],"collection":[{"href":"https:\/\/letempsmag.ma\/index.php?rest_route=\/wp\/v2\/posts"}],"about":[{"href":"https:\/\/letempsmag.ma\/index.php?rest_route=\/wp\/v2\/types\/post"}],"author":[{"embeddable":true,"href":"https:\/\/letempsmag.ma\/index.php?rest_route=\/wp\/v2\/users\/9"}],"replies":[{"embeddable":true,"href":"https:\/\/letempsmag.ma\/index.php?rest_route=%2Fwp%2Fv2%2Fcomments&post=11757"}],"version-history":[{"count":1,"href":"https:\/\/letempsmag.ma\/index.php?rest_route=\/wp\/v2\/posts\/11757\/revisions"}],"predecessor-version":[{"id":11759,"href":"https:\/\/letempsmag.ma\/index.php?rest_route=\/wp\/v2\/posts\/11757\/revisions\/11759"}],"wp:featuredmedia":[{"embeddable":true,"href":"https:\/\/letempsmag.ma\/index.php?rest_route=\/wp\/v2\/media\/11758"}],"wp:attachment":[{"href":"https:\/\/letempsmag.ma\/index.php?rest_route=%2Fwp%2Fv2%2Fmedia&parent=11757"}],"wp:term":[{"taxonomy":"category","embeddable":true,"href":"https:\/\/letempsmag.ma\/index.php?rest_route=%2Fwp%2Fv2%2Fcategories&post=11757"},{"taxonomy":"post_tag","embeddable":true,"href":"https:\/\/letempsmag.ma\/index.php?rest_route=%2Fwp%2Fv2%2Ftags&post=11757"}],"curies":[{"name":"wp","href":"https:\/\/api.w.org\/{rel}","templated":true}]}}