{"id":11461,"date":"2022-01-05T09:17:34","date_gmt":"2022-01-05T08:17:34","guid":{"rendered":"https:\/\/letempsmag.ma\/?p=11461"},"modified":"2022-01-05T09:17:34","modified_gmt":"2022-01-05T08:17:34","slug":"changement-de-top-management-chez-allianz-maroc","status":"publish","type":"post","link":"https:\/\/letempsmag.ma\/?p=11461","title":{"rendered":"Changement de top-management chez Allianz Maroc"},"content":{"rendered":"\n<p>Allianz Africa a annonc\u00e9 hier la nomination d\u2019Abderrahim Dbich au poste de CEO d&#8217;Allianz Maroc, avec effet au 1<sup>er<\/sup> janvier 2022. Il remplace Joerg Weber, appel\u00e9 \u00e0 prendre de nouvelles responsabilit\u00e9s au sein du groupe allemand Allianz. Le nouveau patron de la compagnie d&#8217;assurance \u00e9tait auparavant Directeur G\u00e9n\u00e9ral D\u00e9l\u00e9gu\u00e9 d&#8217;AXA Assurance Maroc et membre du Comit\u00e9 Ex\u00e9cutif de la F\u00e9d\u00e9ration Marocaine des Soci\u00e9t\u00e9s d&#8217;Assurances et de R\u00e9assurance (FMSAR). Riche d&#8217;une exp\u00e9rience de plus de 20 ann\u00e9es dans le secteur de l\u2019assurance, Abderrahim Dbich a d\u00e9velopp\u00e9 une expertise approfondie dans le march\u00e9 local, aussi bien sur le plan strat\u00e9gique qu\u2019op\u00e9rationnel. Le nouveau CEO d\u2019Allianz Maroc a \u00e9t\u00e9 \u00e9galement coopt\u00e9 en tant qu\u2019Administrateur de la compagnie.<\/p>\n\n\n\n<p>Rappelons que le groupe Allianz est l\u2019un des plus grands assureurs et gestionnaires de fonds au monde avec 120 millions de clients particuliers et entreprises dans plus de 70 pays. En 2020, le groupe comptait plus de 150.000 collaborateurs et a r\u00e9alis\u00e9 un chiffre d\u2019affaires de 140 milliards d\u2019euros ainsi qu&#8217;un b\u00e9n\u00e9fice op\u00e9rationnel de plus de 10 milliards d\u2019euros. La Division Allianz Africa a plus d&#8217;un si\u00e8cle d&#8217;histoire sur le continent o\u00f9 l&#8217;assureur a construit et d\u00e9velopp\u00e9 une importante empreinte g\u00e9ographique. La marque Allianz est actuellement pr\u00e9sente dans 12 pays africains et accompagne ses clients sur 49 march\u00e9s \u00e0 travers le continent. \u00c0 l&#8217;\u00e9chelle r\u00e9gionale, le groupe a g\u00e9n\u00e9r\u00e9 en 2020 un chiffre d&#8217;affaires&nbsp; de 700 millions d&#8217;euros.<\/p>\n","protected":false},"excerpt":{"rendered":"<p>Allianz Africa a annonc\u00e9 hier la nomination d\u2019Abderrahim Dbich au poste de CEO d&#8217;Allianz Maroc, avec effet au 1er janvier 2022. Il remplace Joerg Weber, appel\u00e9 \u00e0 prendre de nouvelles responsabilit\u00e9s au sein du groupe allemand Allianz. Le nouveau patron de la compagnie d&#8217;assurance \u00e9tait auparavant Directeur G\u00e9n\u00e9ral D\u00e9l\u00e9gu\u00e9 d&#8217;AXA Assurance Maroc et membre du &hellip;<\/p>\n","protected":false},"author":9,"featured_media":11462,"comment_status":"open","ping_status":"closed","sticky":false,"template":"","format":"standard","meta":{"footnotes":""},"categories":[108],"tags":[],"class_list":["post-11461","post","type-post","status-publish","format-standard","has-post-thumbnail","hentry","category-assurance"],"_links":{"self":[{"href":"https:\/\/letempsmag.ma\/index.php?rest_route=\/wp\/v2\/posts\/11461","targetHints":{"allow":["GET"]}}],"collection":[{"href":"https:\/\/letempsmag.ma\/index.php?rest_route=\/wp\/v2\/posts"}],"about":[{"href":"https:\/\/letempsmag.ma\/index.php?rest_route=\/wp\/v2\/types\/post"}],"author":[{"embeddable":true,"href":"https:\/\/letempsmag.ma\/index.php?rest_route=\/wp\/v2\/users\/9"}],"replies":[{"embeddable":true,"href":"https:\/\/letempsmag.ma\/index.php?rest_route=%2Fwp%2Fv2%2Fcomments&post=11461"}],"version-history":[{"count":1,"href":"https:\/\/letempsmag.ma\/index.php?rest_route=\/wp\/v2\/posts\/11461\/revisions"}],"predecessor-version":[{"id":11463,"href":"https:\/\/letempsmag.ma\/index.php?rest_route=\/wp\/v2\/posts\/11461\/revisions\/11463"}],"wp:featuredmedia":[{"embeddable":true,"href":"https:\/\/letempsmag.ma\/index.php?rest_route=\/wp\/v2\/media\/11462"}],"wp:attachment":[{"href":"https:\/\/letempsmag.ma\/index.php?rest_route=%2Fwp%2Fv2%2Fmedia&parent=11461"}],"wp:term":[{"taxonomy":"category","embeddable":true,"href":"https:\/\/letempsmag.ma\/index.php?rest_route=%2Fwp%2Fv2%2Fcategories&post=11461"},{"taxonomy":"post_tag","embeddable":true,"href":"https:\/\/letempsmag.ma\/index.php?rest_route=%2Fwp%2Fv2%2Ftags&post=11461"}],"curies":[{"name":"wp","href":"https:\/\/api.w.org\/{rel}","templated":true}]}}