{"id":11312,"date":"2021-12-31T08:57:30","date_gmt":"2021-12-31T07:57:30","guid":{"rendered":"https:\/\/letempsmag.ma\/?p=11312"},"modified":"2021-12-31T08:57:31","modified_gmt":"2021-12-31T07:57:31","slug":"le-conseil-de-gouvernement-adopte-deux-decrets-relatifs-a-la-tva-et-au-code-des-douanes","status":"publish","type":"post","link":"https:\/\/letempsmag.ma\/?p=11312","title":{"rendered":"Le Conseil de gouvernement adopte deux d\u00e9crets relatifs \u00e0 la TVA et au Code des douanes"},"content":{"rendered":"\n<p>Le Conseil de gouvernement, r\u00e9uni hier jeudi \u00e0 Rabat sous la pr\u00e9sidence d\u2019Aziz Akhannouch, a adopt\u00e9 deux projets de d\u00e9cret relatifs \u00e0 l&#8217;application de la taxe sur la valeur ajout\u00e9e (TVA) et le Code des douanes et imp\u00f4ts indirects.<\/p>\n\n\n\n<p>Le premier projet de d\u00e9cret \u00ab2.21.846\u00bb, compl\u00e9tant le d\u00e9cret \u00ab2.06.574\u00bb du 10 hija 1427 (31 d\u00e9cembre 2006) est relatif \u00e0 l\u2019application de la TVA pr\u00e9vue au titre du Chapitre III du Code g\u00e9n\u00e9ral des imp\u00f4ts. Pr\u00e9sent\u00e9 par le Ministre d\u00e9l\u00e9gu\u00e9 aupr\u00e8s du Ministre de l\u2019Economie et des Finances, charg\u00e9 du Budget, Faouzi Lakja\u00e2, ce projet vise \u00e0 ajouter un nouvel Article au d\u00e9cret en question, suite \u00e0 l&#8217;exon\u00e9ration de la TVA, par la Loi de Finances 2022, des produits et mati\u00e8res utilis\u00e9s dans la fabrication des panneaux photovolta\u00efques.<\/p>\n\n\n\n<p>Le deuxi\u00e8me texte porte sur le projet de d\u00e9cret \u00ab2.21.847\u00bb, modifiant et compl\u00e9tant le d\u00e9cret \u00ab2.77.862\u00bb du 25 chaoual 1397 (9 octobre 1977), est relatif \u00e0 l\u2019application du Code des douanes ainsi que des imp\u00f4ts indirects relevant de l&#8217;Administration des Douanes et Imp\u00f4ts indirects, approuv\u00e9 par le dahir portant loi \u00ab1-77-339\u00bb du 25 chaoual 1397 (9 octobre 1977). Ce projet, pr\u00e9sent\u00e9 \u00e9galement par Faouzi Lakja\u00e2, modifie et compl\u00e8te les dispositions de l&#8217;Article 216 du d\u00e9cret en question afin d\u2019habiliter le Ministre charg\u00e9 des finances de modifier, par Arr\u00eat\u00e9, la forme de la d\u00e9claration stipul\u00e9e au niveau de l\u2019Article 66 du Code des douanes et imp\u00f4ts indirects. Il s\u2019agit, \u00e9galement, d\u2019habiliter le Ministre \u00e0 modifier par Arr\u00eat\u00e9 les transformations stipul\u00e9es au niveau du premier Article (Volet B du Paragraphe 2) et les marchandises concern\u00e9es par ces transformations. Le projet abroge le premier titre de la deuxi\u00e8me et de la sixi\u00e8me partie du d\u00e9cret en question.<\/p>\n","protected":false},"excerpt":{"rendered":"<p>Le Conseil de gouvernement, r\u00e9uni hier jeudi \u00e0 Rabat sous la pr\u00e9sidence d\u2019Aziz Akhannouch, a adopt\u00e9 deux projets de d\u00e9cret relatifs \u00e0 l&#8217;application de la taxe sur la valeur ajout\u00e9e (TVA) et le Code des douanes et imp\u00f4ts indirects. Le premier projet de d\u00e9cret \u00ab2.21.846\u00bb, compl\u00e9tant le d\u00e9cret \u00ab2.06.574\u00bb du 10 hija 1427 (31 d\u00e9cembre &hellip;<\/p>\n","protected":false},"author":9,"featured_media":11313,"comment_status":"open","ping_status":"closed","sticky":false,"template":"","format":"standard","meta":{"footnotes":""},"categories":[172],"tags":[],"class_list":["post-11312","post","type-post","status-publish","format-standard","has-post-thumbnail","hentry","category-fiscalite"],"_links":{"self":[{"href":"https:\/\/letempsmag.ma\/index.php?rest_route=\/wp\/v2\/posts\/11312","targetHints":{"allow":["GET"]}}],"collection":[{"href":"https:\/\/letempsmag.ma\/index.php?rest_route=\/wp\/v2\/posts"}],"about":[{"href":"https:\/\/letempsmag.ma\/index.php?rest_route=\/wp\/v2\/types\/post"}],"author":[{"embeddable":true,"href":"https:\/\/letempsmag.ma\/index.php?rest_route=\/wp\/v2\/users\/9"}],"replies":[{"embeddable":true,"href":"https:\/\/letempsmag.ma\/index.php?rest_route=%2Fwp%2Fv2%2Fcomments&post=11312"}],"version-history":[{"count":1,"href":"https:\/\/letempsmag.ma\/index.php?rest_route=\/wp\/v2\/posts\/11312\/revisions"}],"predecessor-version":[{"id":11314,"href":"https:\/\/letempsmag.ma\/index.php?rest_route=\/wp\/v2\/posts\/11312\/revisions\/11314"}],"wp:featuredmedia":[{"embeddable":true,"href":"https:\/\/letempsmag.ma\/index.php?rest_route=\/wp\/v2\/media\/11313"}],"wp:attachment":[{"href":"https:\/\/letempsmag.ma\/index.php?rest_route=%2Fwp%2Fv2%2Fmedia&parent=11312"}],"wp:term":[{"taxonomy":"category","embeddable":true,"href":"https:\/\/letempsmag.ma\/index.php?rest_route=%2Fwp%2Fv2%2Fcategories&post=11312"},{"taxonomy":"post_tag","embeddable":true,"href":"https:\/\/letempsmag.ma\/index.php?rest_route=%2Fwp%2Fv2%2Ftags&post=11312"}],"curies":[{"name":"wp","href":"https:\/\/api.w.org\/{rel}","templated":true}]}}