{"id":11253,"date":"2021-12-29T08:48:03","date_gmt":"2021-12-29T07:48:03","guid":{"rendered":"https:\/\/letempsmag.ma\/?p=11253"},"modified":"2021-12-29T08:48:04","modified_gmt":"2021-12-29T07:48:04","slug":"un-musee-a-tanger-pour-transformer-le-desespoir-en-espoir","status":"publish","type":"post","link":"https:\/\/letempsmag.ma\/?p=11253","title":{"rendered":"Un mus\u00e9e \u00e0 Tanger pour transformer le d\u00e9sespoir en espoir !"},"content":{"rendered":"\n<p><strong><em>Dans le cadre de la c\u00e9l\u00e9bration du 10<sup>\u00e8me<\/sup> anniversaire de la Fondation Nationale des Mus\u00e9es (FNM), une nouvelle institution mus\u00e9ale d\u00e9di\u00e9e \u00e0 l\u2019art contemporain a ouvert ses portes, le 23 d\u00e9cembre dernier, \u00e0 Tanger.<\/em><\/strong><\/p>\n\n\n\n<p>Un nouveau Mus\u00e9e d\u2019Art Contemporain accueille le public \u00e0 Tanger depuis fin d\u00e9cembre dernier. Le mus\u00e9e se situe dans l\u2019enceinte de l\u2019ancienne prison de La Kasbah, reconvertie en Mus\u00e9e de La Kasbah, Espace d\u2019Art Contemporain. Cet espace a pour vocation d\u2019\u00eatre un lieu vivant de rencontres, d\u2019\u00e9changes et de partages. Il aura pour mission de pr\u00e9senter une programmation culturelle et des expositions li\u00e9es \u00e0 la r\u00e9gion du nord. La c\u00e9r\u00e9monie d\u2019inauguration a \u00e9t\u00e9 marqu\u00e9e par la pr\u00e9sence du pr\u00e9sident du Conseil de la r\u00e9gion Tanger-T\u00e9touan-Al Hoceima, Omar Moro, d\u2019intellectuels, d\u2019artistes et d\u2019acteurs culturels de la ville. Elle a aussi connu le vernissage de l\u2019exposition inaugurale \u00abL\u2019\u00c9cole du Nord\u00bb, qui rend hommage aux artistes incarnant le c\u00e9l\u00e8bre courant pictural du Nord du Royaume et leur apport \u00e0 la cr\u00e9ativit\u00e9 artistique dans l\u2019histoire du Maroc.<\/p>\n\n\n\n<p><strong><em>Non pas un, mais plusieurs mus\u00e9es, en fait<\/em><\/strong><\/p>\n\n\n\n<p>\u00c0 travers des \u0153uvres de Mohamed Serghini, Mohamed Ataallah, Mohamed Yacoubi, Mohamed Chab\u00e2a, Sa\u00e2d Ben Cheffaj, Mekki Meghara, Mohamed Melehi, et Abdelkrim Ouazzani, entre autres, issues de la collection de la Fondation Nationale des Mus\u00e9es, ainsi que de pr\u00eats, cette tr\u00e8s belle exposition refl\u00e8te la diversit\u00e9 et le brassage culturel dans la r\u00e9gion du Nord. \u00abCe mus\u00e9e est situ\u00e9 \u00e0 l\u2019ancienne prison de La Kasbah, un lieu qui a \u00e9t\u00e9 restaur\u00e9 et mis \u00e0 la disposition de la Fondation, avec le soutien de la Wilaya de la r\u00e9gion Tanger-T\u00e9touan-Al Hoceima et des autorit\u00e9s locales, pour faire de cet espace de d\u00e9sespoir, anciennement une prison, un lieu d\u2019espoir en cette p\u00e9riode difficile marqu\u00e9e par la propagation de la pand\u00e9mie du \u00abCovid-19\u00bb, o\u00f9 la Fondation continue \u00e0 faire vivre la lumi\u00e8re et l\u2019art dans un pays de culture, d\u2019histoire et de patrimoine\u00bb, d\u00e9clare Mehdi Qotbi, Pr\u00e9sident de la Fondation Nationale des Mus\u00e9es. Il souligne aussi que l\u2019ouverture de ce mus\u00e9e en cette conjoncture exceptionnelle n\u2019est pas anodine, pr\u00e9cisant qu\u2019il s\u2019agit d\u2019un hommage rendu \u00e0 S.M. le Roi Mohammed VI qui a donn\u00e9 \u00e0 la culture la place qui lui \u00e9choit dans une soci\u00e9t\u00e9 moderne et d\u00e9velopp\u00e9e. Mehdi Qotbi a soulign\u00e9 que cet espace vient enrichir l\u2019offre culturelle et mus\u00e9ale de la ville du D\u00e9troit et que le public aura acc\u00e8s, d\u00e8s que les fronti\u00e8res s\u2019ouvriront, \u00e0 une palette de beaux mus\u00e9es dans toutes les villes du Maroc.<\/p>\n\n\n\n<p>Pour sa part, Abdelaziz El Idrissi, Directeur du Mus\u00e9e Mohammed VI d\u2019Art Moderne et Contemporain et responsable de la r\u00e9novation des mus\u00e9es au sein de la Fondation, souligne que ce nouveau mus\u00e9e a \u00e9t\u00e9 \u00e9rig\u00e9 sur l\u2019ancienne prison de La Kasbah, un monument historique datant du 17<sup>\u00e8me<\/sup> si\u00e8cle, qui constitue l\u2019une des composantes essentielles du Palais de La Kasbah. Il a rappel\u00e9 que cet espace, rest\u00e9 fonctionnel jusqu\u2019au d\u00e9but des ann\u00e9es 1970 en tant que prison civile, a \u00e9t\u00e9 r\u00e9habilit\u00e9 et r\u00e9am\u00e9nag\u00e9 dans le cadre du projet de valorisation de la M\u00e9dina de Tanger. Le projet de reconversion a \u00e9t\u00e9 supervis\u00e9 par la Wilaya de Tanger avec la contribution du minist\u00e8re de la Culture, l\u2019Agence pour la Promotion et le D\u00e9veloppement du Nord et la FNM. Il vise \u00e0 doter le mus\u00e9e de La Kasbah, d\u00e9j\u00e0 existant, d\u2019un autre mus\u00e9e mitoyen, qui permettra de dynamiser ce mus\u00e9e arch\u00e9ologique et historique et de le nantir d\u2019une structure mobile, flexible, apte \u00e0 fid\u00e9liser le public. Abdelaziz El Idrissi, qui est \u00e9galement Co-Commissaire de l\u2019exposition, fait savoir que le courant pictural du Nord regroupe toutes les visions et les pens\u00e9es artistiques \u00e9manant de la r\u00e9gion, qui ont fa\u00e7onn\u00e9 la cr\u00e9ation moderne et contemporaine marocaine.<\/p>\n\n\n\n<p><strong>A. A.<\/strong><\/p>\n","protected":false},"excerpt":{"rendered":"<p>Dans le cadre de la c\u00e9l\u00e9bration du 10\u00e8me anniversaire de la Fondation Nationale des Mus\u00e9es (FNM), une nouvelle institution mus\u00e9ale d\u00e9di\u00e9e \u00e0 l\u2019art contemporain a ouvert ses portes, le 23 d\u00e9cembre dernier, \u00e0 Tanger. Un nouveau Mus\u00e9e d\u2019Art Contemporain accueille le public \u00e0 Tanger depuis fin d\u00e9cembre dernier. Le mus\u00e9e se situe dans l\u2019enceinte de &hellip;<\/p>\n","protected":false},"author":9,"featured_media":11254,"comment_status":"open","ping_status":"closed","sticky":false,"template":"","format":"standard","meta":{"footnotes":""},"categories":[56],"tags":[],"class_list":["post-11253","post","type-post","status-publish","format-standard","has-post-thumbnail","hentry","category-patrimoine"],"_links":{"self":[{"href":"https:\/\/letempsmag.ma\/index.php?rest_route=\/wp\/v2\/posts\/11253","targetHints":{"allow":["GET"]}}],"collection":[{"href":"https:\/\/letempsmag.ma\/index.php?rest_route=\/wp\/v2\/posts"}],"about":[{"href":"https:\/\/letempsmag.ma\/index.php?rest_route=\/wp\/v2\/types\/post"}],"author":[{"embeddable":true,"href":"https:\/\/letempsmag.ma\/index.php?rest_route=\/wp\/v2\/users\/9"}],"replies":[{"embeddable":true,"href":"https:\/\/letempsmag.ma\/index.php?rest_route=%2Fwp%2Fv2%2Fcomments&post=11253"}],"version-history":[{"count":1,"href":"https:\/\/letempsmag.ma\/index.php?rest_route=\/wp\/v2\/posts\/11253\/revisions"}],"predecessor-version":[{"id":11256,"href":"https:\/\/letempsmag.ma\/index.php?rest_route=\/wp\/v2\/posts\/11253\/revisions\/11256"}],"wp:featuredmedia":[{"embeddable":true,"href":"https:\/\/letempsmag.ma\/index.php?rest_route=\/wp\/v2\/media\/11254"}],"wp:attachment":[{"href":"https:\/\/letempsmag.ma\/index.php?rest_route=%2Fwp%2Fv2%2Fmedia&parent=11253"}],"wp:term":[{"taxonomy":"category","embeddable":true,"href":"https:\/\/letempsmag.ma\/index.php?rest_route=%2Fwp%2Fv2%2Fcategories&post=11253"},{"taxonomy":"post_tag","embeddable":true,"href":"https:\/\/letempsmag.ma\/index.php?rest_route=%2Fwp%2Fv2%2Ftags&post=11253"}],"curies":[{"name":"wp","href":"https:\/\/api.w.org\/{rel}","templated":true}]}}