{"id":11134,"date":"2021-12-24T10:14:37","date_gmt":"2021-12-24T09:14:37","guid":{"rendered":"https:\/\/letempsmag.ma\/?p=11134"},"modified":"2021-12-24T10:14:38","modified_gmt":"2021-12-24T09:14:38","slug":"le-gouvernement-prolonge-letat-durgence-sanitaire-jusquau-31-janvier-2022","status":"publish","type":"post","link":"https:\/\/letempsmag.ma\/?p=11134","title":{"rendered":"Le gouvernement prolonge l&#8217;\u00e9tat d&#8217;urgence sanitaire jusqu&#8217;au 31 janvier 2022"},"content":{"rendered":"\n<p>Le Conseil de gouvernement, r\u00e9uni hier jeudi sous la pr\u00e9sidence d\u2019Aziz Akhannouch, a d\u00e9cid\u00e9 de prolonger la dur\u00e9e de validit\u00e9 de l\u2019\u00e9tat d\u2019urgence sanitaire sur l\u2019ensemble du territoire national jusqu\u2019au 31 janvier 2022, et ce, dans le cadre des efforts d\u00e9ploy\u00e9s pour lutter contre la propagation de la pand\u00e9mie du \u00abCovid-19\u00bb.<\/p>\n\n\n\n<p>Lors d\u2019un point de presse tenu, \u00e0 l\u2019issue des travaux du Conseil, le Ministre d\u00e9l\u00e9gu\u00e9 charg\u00e9 des Relations avec le parlement et Porte-parole du gouvernement, Mustapha Baitas, a indiqu\u00e9 que le conseil a adopt\u00e9 le projet de d\u00e9cret \u00ab2.21.1016\u00bb, pr\u00e9sent\u00e9 par le Ministre de l\u2019Int\u00e9rieur, Abdelouafi Laftit, portant prolongation de la p\u00e9riode de validit\u00e9 de l\u2019\u00e9tat d\u2019urgence sanitaire sur l\u2019ensemble du territoire national pour faire face \u00e0 la propagation du coronavirus.<\/p>\n\n\n\n<p>Le projet de d\u00e9cret vise \u00e0 prolonger la p\u00e9riode de validit\u00e9 de l\u2019\u00e9tat d\u2019urgence sanitaire sur l\u2019ensemble du territoire national du vendredi 31 d\u00e9cembre 2021 \u00e0 18h au lundi 31 janvier 2022 \u00e0 18h, en vue de garantir l\u2019efficacit\u00e9 et l\u2019efficience des mesures prises par les autorit\u00e9s publiques dans le cadre de la lutte contre la propagation de la pand\u00e9mie li\u00e9e au \u00abCovid-19\u00bb.<\/p>\n\n\n\n<p>Le texte se base sur les dispositions de l\u2019Article 2 du d\u00e9cret loi \u00ab2.20.292\u00bb du 23 mars 2020 relatif \u00e0 l\u2019application des dispositions relatives \u00e0 l\u2019\u00e9tat d\u2019urgence sanitaire et les mesures de sa d\u00e9claration accordant aux deux autorit\u00e9s gouvernementales en charge de l\u2019int\u00e9rieur et de la sant\u00e9, le droit de proposer la prolongation de la p\u00e9riode de l\u2019\u00e9tat d\u2019urgence sanitaire et de prendre les mesures n\u00e9cessaires qui s\u2019imposent. (Photo&nbsp;: fnh.ma).<\/p>\n\n\n\n<p><strong>A. A.<\/strong><\/p>\n","protected":false},"excerpt":{"rendered":"<p>Le Conseil de gouvernement, r\u00e9uni hier jeudi sous la pr\u00e9sidence d\u2019Aziz Akhannouch, a d\u00e9cid\u00e9 de prolonger la dur\u00e9e de validit\u00e9 de l\u2019\u00e9tat d\u2019urgence sanitaire sur l\u2019ensemble du territoire national jusqu\u2019au 31 janvier 2022, et ce, dans le cadre des efforts d\u00e9ploy\u00e9s pour lutter contre la propagation de la pand\u00e9mie du \u00abCovid-19\u00bb. Lors d\u2019un point de &hellip;<\/p>\n","protected":false},"author":9,"featured_media":11135,"comment_status":"open","ping_status":"closed","sticky":false,"template":"","format":"standard","meta":{"footnotes":""},"categories":[377],"tags":[],"class_list":["post-11134","post","type-post","status-publish","format-standard","has-post-thumbnail","hentry","category-covid-19-2"],"_links":{"self":[{"href":"https:\/\/letempsmag.ma\/index.php?rest_route=\/wp\/v2\/posts\/11134","targetHints":{"allow":["GET"]}}],"collection":[{"href":"https:\/\/letempsmag.ma\/index.php?rest_route=\/wp\/v2\/posts"}],"about":[{"href":"https:\/\/letempsmag.ma\/index.php?rest_route=\/wp\/v2\/types\/post"}],"author":[{"embeddable":true,"href":"https:\/\/letempsmag.ma\/index.php?rest_route=\/wp\/v2\/users\/9"}],"replies":[{"embeddable":true,"href":"https:\/\/letempsmag.ma\/index.php?rest_route=%2Fwp%2Fv2%2Fcomments&post=11134"}],"version-history":[{"count":1,"href":"https:\/\/letempsmag.ma\/index.php?rest_route=\/wp\/v2\/posts\/11134\/revisions"}],"predecessor-version":[{"id":11136,"href":"https:\/\/letempsmag.ma\/index.php?rest_route=\/wp\/v2\/posts\/11134\/revisions\/11136"}],"wp:featuredmedia":[{"embeddable":true,"href":"https:\/\/letempsmag.ma\/index.php?rest_route=\/wp\/v2\/media\/11135"}],"wp:attachment":[{"href":"https:\/\/letempsmag.ma\/index.php?rest_route=%2Fwp%2Fv2%2Fmedia&parent=11134"}],"wp:term":[{"taxonomy":"category","embeddable":true,"href":"https:\/\/letempsmag.ma\/index.php?rest_route=%2Fwp%2Fv2%2Fcategories&post=11134"},{"taxonomy":"post_tag","embeddable":true,"href":"https:\/\/letempsmag.ma\/index.php?rest_route=%2Fwp%2Fv2%2Ftags&post=11134"}],"curies":[{"name":"wp","href":"https:\/\/api.w.org\/{rel}","templated":true}]}}