{"id":11105,"date":"2021-12-23T10:14:09","date_gmt":"2021-12-23T09:14:09","guid":{"rendered":"https:\/\/letempsmag.ma\/?p=11105"},"modified":"2021-12-23T10:14:10","modified_gmt":"2021-12-23T09:14:10","slug":"celebration-a-rabat-de-lan-1-de-laccord-tripartite-maroc-usa-israel","status":"publish","type":"post","link":"https:\/\/letempsmag.ma\/?p=11105","title":{"rendered":"C\u00e9l\u00e9bration \u00e0 Rabat de l\u2019An 1 de l&#8217;Accord tripartite Maroc-USA-Isra\u00ebl"},"content":{"rendered":"\n<p>L&#8217;Accord tripartite Maroc-USA-Isra\u00ebl a un an. Pour en marquer le premier anniversaire, une c\u00e9r\u00e9monie a \u00e9t\u00e9 organis\u00e9e, hier mercredi \u00e0 Rabat, conjointement par l\u2019Ambassade des Etats-Unis au Maroc et la Mission diplomatique isra\u00e9lienne au Maroc. L\u2019\u00e9v\u00e9nement a pour finalit\u00e9 la mise en avant de la profonde signification de cet Accord tripartite qui a ouvert la voie \u00e0 une coop\u00e9ration fructueuse avec des perspectives prometteuses entre les trois pays depuis sa signature le 22 d\u00e9cembre 2020 \u00e0 Rabat.<\/p>\n\n\n\n<p>Dans une allocution de circonstance, le Charg\u00e9 d\u2019Affaires de l\u2019Ambassade des \u00c9tats-Unis au Maroc, David Greene, a relev\u00e9 que le renforcement des relations maroco-isra\u00e9liennes, depuis la signature de l\u2019Accord tripartite qui a act\u00e9 le r\u00e9tablissement des relations entre le Maroc et l\u2019Etat d\u2019Isra\u00ebl, \u00abcr\u00e9era de nouvelles opportunit\u00e9s pour la paix et la prosp\u00e9rit\u00e9 dans la r\u00e9gion du Moyen-Orient. Comme le Secr\u00e9taire d\u2019Etat am\u00e9ricain, Antony Blinken, et de nombreux autres fonctionnaires am\u00e9ricains continuent de le r\u00e9affirmer, \u00ables avanc\u00e9es qu\u2019ont connues ces relations au cours de l\u2019ann\u00e9e derni\u00e8re servent d\u2019\u00e9l\u00e9ment important pour atteindre des objectifs strat\u00e9giques communs pour la r\u00e9gion dans son ensemble\u00bb, a-t-il soulign\u00e9. Selon lui, \u00abune relation forte entre Isra\u00ebl et le Maroc a le potentiel de contribuer \u00e0 une paix plus large au Moyen-Orient, y compris entre les Isra\u00e9liens et les Palestiniens\u00bb. Le diplomate a \u00e9galement r\u00e9it\u00e9r\u00e9 \u00abla gratitude\u00bb du gouvernement am\u00e9ricain pour \u00able leadership r\u00e9gional de S.M. le Roi Mohammed VI et du gouvernement du Maroc au sujet des questions cruciales de paix, de stabilit\u00e9 et de tol\u00e9rance\u00bb, notant que la reprise des relations diplomatiques avec Isra\u00ebl en est \u00abun exemple brillant\u00bb. Se disant \u00abheureux\u00bb des progr\u00e8s constants que connaissent les relations maroco-isra\u00e9liennes, le haut responsable a par ailleurs affirm\u00e9 que \u00abfavoriser les liens entre les peuples peut contribuer \u00e0 stimuler les efforts de paix, en ouvrant de nouveaux canaux pour un dialogue constructif et la diplomatie\u00bb.<\/p>\n\n\n\n<p>Pour sa part, le Chef du Bureau de liaison d&#8217;Isra\u00ebl au Maroc, David Govrin, s\u2019est dit honor\u00e9 de prendre part \u00e0 cette c\u00e9r\u00e9monie, rappelant qu&#8217;Isra\u00ebl et le Maroc partagent \u00abdes liens culturels et sociaux solides, lesquels ont \u00e9t\u00e9 pr\u00e9serv\u00e9s et nourris pendant des d\u00e9cennies \u00e0 travers la communaut\u00e9 marocaine en Isra\u00ebl et la soci\u00e9t\u00e9 marocaine, y compris la communaut\u00e9 juive\u00bb. La comm\u00e9moration du premier anniversaire de l\u2019Accord tripartite Maroc-USA-Isra\u00ebl \u00abn\u2019est pas une c\u00e9l\u00e9bration d&#8217;un simple \u00e9v\u00e9nement diplomatique, mais celle d&#8217;un pass\u00e9, d\u2019un pr\u00e9sent et d\u2019un avenir\u00bb, a-t-il d\u00e9clar\u00e9, en citant le Ministre des Affaires \u00e9trang\u00e8res, de la Coop\u00e9ration africaine et des Marocains r\u00e9sidant \u00e0 l&#8217;\u00c9tranger, Nasser Bourita. Apr\u00e8s avoir pass\u00e9 en revue les accords tous azimuts sign\u00e9s par le Maroc et Isra\u00ebl depuis le r\u00e9tablissement des relations diplomatiques, David Govrin a soulign\u00e9 que le d\u00e9fi actuel consiste \u00e0 \u00abtraduire la paix en r\u00e9alit\u00e9 et en prosp\u00e9rit\u00e9\u00bb, d\u00e9clarant notamment&nbsp;: \u00abJe suis convaincu que l\u2019h\u00e9ritage historique du Royaume, qui se caract\u00e9rise par la tol\u00e9rance et le vivre ensemble entre Juifs et Musulmans, ainsi que le leadership de S.M. le Roi Mohammed VI peuvent servir de mod\u00e8le de paix et de fraternit\u00e9 entre les peuples de la r\u00e9gion\u00bb.<\/p>\n\n\n\n<p>Cet \u00e9v\u00e9nement comm\u00e9moratif a \u00e9t\u00e9 ponctu\u00e9 d\u2019un r\u00e9cital qui a mis en avant la richesse du r\u00e9pertoire musical jud\u00e9o-marocain. Il a vu la participation de nombreux membres du corps diplomatique accr\u00e9dit\u00e9 \u00e0 Rabat, de repr\u00e9sentants du minist\u00e8re des Affaires \u00e9trang\u00e8res, de la Coop\u00e9ration africaine et des Marocains r\u00e9sidant \u00e0 l&#8217;\u00c9tranger, ainsi que de membres de la communaut\u00e9 juive \u00e9tablie au Maroc et de personnalit\u00e9s du monde des m\u00e9dias et de la culture.<\/p>\n\n\n\n<p>La c\u00e9r\u00e9monie fait suite \u00e0 une visioconf\u00e9rence organis\u00e9e plus t\u00f4t dans la journ\u00e9e au si\u00e8ge du minist\u00e8re des Affaires \u00e9trang\u00e8re avec la participation de Nasser Bourita, du Ministre isra\u00e9lien des Affaires \u00e9trang\u00e8res, Ya\u00efr Lapid, et de David Greene.<\/p>\n\n\n\n<p>Ce premier anniversaire est \u00abun renouvellement d&#8217;une promesse \u00e0 trois niveaux, \u00e0 savoir celle d&#8217;un engagement authentique envers les personnes, d\u2019une construction concr\u00e8te d&#8217;un partenariat et d\u2019un engagement actif pour la Paix\u00bb, a affirm\u00e9 Nasser Bourita \u00e0 cette occasion.<\/p>\n\n\n\n<p><strong>(Source&nbsp;: MAP)<\/strong><\/p>\n","protected":false},"excerpt":{"rendered":"<p>L&#8217;Accord tripartite Maroc-USA-Isra\u00ebl a un an. Pour en marquer le premier anniversaire, une c\u00e9r\u00e9monie a \u00e9t\u00e9 organis\u00e9e, hier mercredi \u00e0 Rabat, conjointement par l\u2019Ambassade des Etats-Unis au Maroc et la Mission diplomatique isra\u00e9lienne au Maroc. L\u2019\u00e9v\u00e9nement a pour finalit\u00e9 la mise en avant de la profonde signification de cet Accord tripartite qui a ouvert la &hellip;<\/p>\n","protected":false},"author":9,"featured_media":11106,"comment_status":"open","ping_status":"closed","sticky":false,"template":"","format":"standard","meta":{"footnotes":""},"categories":[68],"tags":[],"class_list":["post-11105","post","type-post","status-publish","format-standard","has-post-thumbnail","hentry","category-politique"],"_links":{"self":[{"href":"https:\/\/letempsmag.ma\/index.php?rest_route=\/wp\/v2\/posts\/11105","targetHints":{"allow":["GET"]}}],"collection":[{"href":"https:\/\/letempsmag.ma\/index.php?rest_route=\/wp\/v2\/posts"}],"about":[{"href":"https:\/\/letempsmag.ma\/index.php?rest_route=\/wp\/v2\/types\/post"}],"author":[{"embeddable":true,"href":"https:\/\/letempsmag.ma\/index.php?rest_route=\/wp\/v2\/users\/9"}],"replies":[{"embeddable":true,"href":"https:\/\/letempsmag.ma\/index.php?rest_route=%2Fwp%2Fv2%2Fcomments&post=11105"}],"version-history":[{"count":1,"href":"https:\/\/letempsmag.ma\/index.php?rest_route=\/wp\/v2\/posts\/11105\/revisions"}],"predecessor-version":[{"id":11107,"href":"https:\/\/letempsmag.ma\/index.php?rest_route=\/wp\/v2\/posts\/11105\/revisions\/11107"}],"wp:featuredmedia":[{"embeddable":true,"href":"https:\/\/letempsmag.ma\/index.php?rest_route=\/wp\/v2\/media\/11106"}],"wp:attachment":[{"href":"https:\/\/letempsmag.ma\/index.php?rest_route=%2Fwp%2Fv2%2Fmedia&parent=11105"}],"wp:term":[{"taxonomy":"category","embeddable":true,"href":"https:\/\/letempsmag.ma\/index.php?rest_route=%2Fwp%2Fv2%2Fcategories&post=11105"},{"taxonomy":"post_tag","embeddable":true,"href":"https:\/\/letempsmag.ma\/index.php?rest_route=%2Fwp%2Fv2%2Ftags&post=11105"}],"curies":[{"name":"wp","href":"https:\/\/api.w.org\/{rel}","templated":true}]}}