{"id":11017,"date":"2021-12-20T10:16:00","date_gmt":"2021-12-20T09:16:00","guid":{"rendered":"https:\/\/letempsmag.ma\/?p=11017"},"modified":"2021-12-20T10:16:01","modified_gmt":"2021-12-20T09:16:01","slug":"le-cri-de-marrakech-safi-valorise-loffre-industrielle-du-pole-sidi-bouathmane","status":"publish","type":"post","link":"https:\/\/letempsmag.ma\/?p=11017","title":{"rendered":"Le CRI de Marrakech-Safi valorise l\u2019offre industrielle du p\u00f4le Sidi Bouathmane"},"content":{"rendered":"\n<p>Le Centre R\u00e9gional d&#8217;Investissement (CRI) Marrakech-Safi a organis\u00e9 vendredi dernier une grande c\u00e9r\u00e9monie pour le lancement officiel de l\u2019appel \u00e0 projets du parc industriel de Sidi Bouathmane, situ\u00e9 \u00e0 20 minutes de la ville de Marrakech. L\u2019\u00e9v\u00e9nement a eu lieu en pr\u00e9sence du gouverneur de la province de Rhamna, du pr\u00e9sident de la Chambre de Commerce, d\u2019Industrie et des Services de Marrakech-Safi, de la directrice g\u00e9n\u00e9rale de l\u2019Industrie par int\u00e9rim, ainsi que de hauts repr\u00e9sentants du minist\u00e8re de l\u2019Industrie.<\/p>\n\n\n\n<p>Apr\u00e8s avoir pr\u00e9sent\u00e9 les atouts et opportunit\u00e9s industriels de la m\u00e9tropole du Grand Marrakech, une visite du parc a eu lieu, permettant aux centaines d\u2019op\u00e9rateurs pr\u00e9sents de d\u00e9couvrir les infrastructures de la zone industrielle et le retour d\u2019exp\u00e9rience d\u2019acteurs d\u00e9j\u00e0 pr\u00e9sents sur le site. <a>44 lots de 230 \u00e0 15.000 m2 sont aujourd\u2019hui propos\u00e9s aux industriels porteurs de projets cr\u00e9ateurs de valeur et d\u2019emplois, \u00e0 un prix moyen de 240 DH\/m2.<\/a><\/p>\n\n\n\n<p>Cet appel \u00e0 projets est le fruit d\u2019un travail collectif, entrepris sous l\u2019\u00e9gide de la Wilaya de la r\u00e9gion Marrakech-Safi et de la Province de Rehamna, en partenariat avec le promoteur public Al-Omrane Marrakech-Safi, la Direction R\u00e9gionale du minist\u00e8re de l\u2019Industrie et du Commerce, l\u2019Agence Urbaine de Rhamna El Kelaa et la Commune de Sidi Bouathmane.<\/p>\n\n\n\n<p><a>\u00abNous recevons depuis deux ans au CRI de Marrakech-Safi plusieurs demandes pour un foncier industriel structur\u00e9 et comp\u00e9titif, de la part d\u2019industriels locaux, nationaux et internationaux. Cette demande ne s\u2019est pas tarie, malgr\u00e9 la pand\u00e9mie&nbsp;! Cette remise sur le march\u00e9 de 44 lots non valoris\u00e9s est une premi\u00e8re r\u00e9ponse, en attendant le d\u00e9veloppement des nouvelles zones industrielles autour du futur p\u00f4le industriel et logistique de Harbil\u00bb, a assur\u00e9 Mohamed Amine Sabibi, Directeur du P\u00f4le Impulsion \u00c9conomique et Offre territoriale.<\/a><\/p>\n\n\n\n<p>\u00c0 proximit\u00e9 directe de Marrakech d\u2019une part, et de la nouvelle ville verte de Benguerir d\u2019autre part, Sidi Bouathmane est promise \u00e0 un bel avenir. En effet, plusieurs projets structurants sont pr\u00e9vus dans cette zone et permettront d\u2019accro\u00eetre son attractivit\u00e9 et d\u00e9velopper son tissu socio-\u00e9conomique. Il faut citer notamment la future zone logistique multimodale, le futur agropole et le march\u00e9 de gros ainsi qu\u2019une nouvelle zone de d\u00e9veloppement, \u00e0 la fois r\u00e9sidentielle et commerciale, abritant une universit\u00e9 sur 10 hectares.<\/p>\n\n\n\n<p>\u00c0 pr\u00e9ciser que cet \u00e9v\u00e9nement s\u2019inscrit dans le cadre de la deuxi\u00e8me \u00e9dition \u00abCRI Investment Day\u00bb, tenue apr\u00e8s celle de Sidi Kaouki (pr\u00e8s d\u2019Essaouira), en mai dernier.<\/p>\n\n\n\n<p><strong>M. E.<\/strong><\/p>\n","protected":false},"excerpt":{"rendered":"<p>Le Centre R\u00e9gional d&#8217;Investissement (CRI) Marrakech-Safi a organis\u00e9 vendredi dernier une grande c\u00e9r\u00e9monie pour le lancement officiel de l\u2019appel \u00e0 projets du parc industriel de Sidi Bouathmane, situ\u00e9 \u00e0 20 minutes de la ville de Marrakech. L\u2019\u00e9v\u00e9nement a eu lieu en pr\u00e9sence du gouverneur de la province de Rhamna, du pr\u00e9sident de la Chambre de &hellip;<\/p>\n","protected":false},"author":9,"featured_media":11018,"comment_status":"open","ping_status":"closed","sticky":false,"template":"","format":"standard","meta":{"footnotes":""},"categories":[528],"tags":[],"class_list":["post-11017","post","type-post","status-publish","format-standard","has-post-thumbnail","hentry","category-projets"],"_links":{"self":[{"href":"https:\/\/letempsmag.ma\/index.php?rest_route=\/wp\/v2\/posts\/11017","targetHints":{"allow":["GET"]}}],"collection":[{"href":"https:\/\/letempsmag.ma\/index.php?rest_route=\/wp\/v2\/posts"}],"about":[{"href":"https:\/\/letempsmag.ma\/index.php?rest_route=\/wp\/v2\/types\/post"}],"author":[{"embeddable":true,"href":"https:\/\/letempsmag.ma\/index.php?rest_route=\/wp\/v2\/users\/9"}],"replies":[{"embeddable":true,"href":"https:\/\/letempsmag.ma\/index.php?rest_route=%2Fwp%2Fv2%2Fcomments&post=11017"}],"version-history":[{"count":1,"href":"https:\/\/letempsmag.ma\/index.php?rest_route=\/wp\/v2\/posts\/11017\/revisions"}],"predecessor-version":[{"id":11019,"href":"https:\/\/letempsmag.ma\/index.php?rest_route=\/wp\/v2\/posts\/11017\/revisions\/11019"}],"wp:featuredmedia":[{"embeddable":true,"href":"https:\/\/letempsmag.ma\/index.php?rest_route=\/wp\/v2\/media\/11018"}],"wp:attachment":[{"href":"https:\/\/letempsmag.ma\/index.php?rest_route=%2Fwp%2Fv2%2Fmedia&parent=11017"}],"wp:term":[{"taxonomy":"category","embeddable":true,"href":"https:\/\/letempsmag.ma\/index.php?rest_route=%2Fwp%2Fv2%2Fcategories&post=11017"},{"taxonomy":"post_tag","embeddable":true,"href":"https:\/\/letempsmag.ma\/index.php?rest_route=%2Fwp%2Fv2%2Ftags&post=11017"}],"curies":[{"name":"wp","href":"https:\/\/api.w.org\/{rel}","templated":true}]}}