{"id":10922,"date":"2021-12-17T09:13:44","date_gmt":"2021-12-17T08:13:44","guid":{"rendered":"https:\/\/letempsmag.ma\/?p=10922"},"modified":"2021-12-17T09:13:45","modified_gmt":"2021-12-17T08:13:45","slug":"m-avenue-quatre-annees-de-travaux-et-un-brillant-opening","status":"publish","type":"post","link":"https:\/\/letempsmag.ma\/?p=10922","title":{"rendered":"M Avenue : quatre ann\u00e9es de travaux et un brillant opening !"},"content":{"rendered":"\n<p>\u00c7a y est, M Avenue ouvre ses portes \u00e0 Marrakech. Son inauguration, qui \u00e9tait tr\u00e8s attendue, est le r\u00e9sultat de quatre ann\u00e9es de travaux de construction et d\u2019am\u00e9nagement mis en \u0153uvre par l\u2019entreprise TGCC (Travaux G\u00e9n\u00e9raux de Construction de Casablanca). L\u2019attente en a valu la peine\u2026 M Avenue, le nouveau spot lifestyle de Marrakech accueille d\u00e9sormais des visiteurs des quatre coins du Royaume pour les embarquer dans une exp\u00e9rience in\u00e9dite et immersive. Pour installer une ambiance conviviale digne d\u2019un grand opening, M Avenue a accueilli dans ses all\u00e9es des cracheurs de feu, des danseurs portant les couleurs de l\u2019Afrique, des DJ et des artistes produisant des performances artistiques inspir\u00e9es du folklore marocain. L\u2019authenticit\u00e9 de cette inauguration festive s\u2019est \u00e9galement r\u00e9v\u00e9l\u00e9e \u00e0 travers les saveurs marocaines mises \u00e0 l\u2019honneur par le \u00abDouar\u00bb, le restaurant en rooftop de l\u2019espace culturel \u00abMeydene\u00bb. Quoi de mieux, en effet, que des douceurs gastronomiques pour s\u00e9duire les papilles des convives&nbsp;? L\u2019hospitalit\u00e9 se renouvelle ainsi tous les jours au c\u0153ur de M Avenue qui ouvre ses portes au grand public tout au long de la semaine, du lundi au dimanche, de 10h \u00e0 22h.<\/p>\n\n\n\n<p>Am\u00e9nageur de ce projet, le groupe TGCC est sp\u00e9cialis\u00e9 dans les travaux industriels, publics et de b\u00e2timent a relev\u00e9 le d\u00e9fi de donner vie et mouvement \u00e0 l\u2019architecture moderne et \u00e9l\u00e9gante de M Avenue. Le fondateur et PDG de TGCC, Mohammed Bouzoubaa, exprime sa fiert\u00e9 d\u2019avoir particip\u00e9 aux c\u00f4t\u00e9s de Nabil Slitine (photo), fondateur et PDG de M Avenue, \u00e0 la cr\u00e9ation d\u2019un projet aussi ambitieux par ses caract\u00e9ristiques techniques et structurant par sa vocation \u00e0 faire rayonner Marrakech et sa r\u00e9gion. Avec plus de 8.000 collaborateurs au Maroc et en Afrique subsaharienne, TGCC est aujourd\u2019hui un leader r\u00e9gional qui compte \u00e0 son actif plus de 1.000 projets et ouvrages d\u2019envergure. Le groupe est \u00e9galement au c\u0153ur de l\u2019actualit\u00e9 du fait de sa r\u00e9cente introduction en Bourse. Un nouveau pas qui a \u00e9t\u00e9 accueilli favorablement par les march\u00e9s puisque sa signature a \u00e9t\u00e9 demand\u00e9e plus de 20 fois .<\/p>\n","protected":false},"excerpt":{"rendered":"<p>\u00c7a y est, M Avenue ouvre ses portes \u00e0 Marrakech. Son inauguration, qui \u00e9tait tr\u00e8s attendue, est le r\u00e9sultat de quatre ann\u00e9es de travaux de construction et d\u2019am\u00e9nagement mis en \u0153uvre par l\u2019entreprise TGCC (Travaux G\u00e9n\u00e9raux de Construction de Casablanca). L\u2019attente en a valu la peine\u2026 M Avenue, le nouveau spot lifestyle de Marrakech accueille &hellip;<\/p>\n","protected":false},"author":9,"featured_media":10923,"comment_status":"open","ping_status":"closed","sticky":false,"template":"","format":"standard","meta":{"footnotes":""},"categories":[538],"tags":[],"class_list":["post-10922","post","type-post","status-publish","format-standard","has-post-thumbnail","hentry","category-lifestyle"],"_links":{"self":[{"href":"https:\/\/letempsmag.ma\/index.php?rest_route=\/wp\/v2\/posts\/10922","targetHints":{"allow":["GET"]}}],"collection":[{"href":"https:\/\/letempsmag.ma\/index.php?rest_route=\/wp\/v2\/posts"}],"about":[{"href":"https:\/\/letempsmag.ma\/index.php?rest_route=\/wp\/v2\/types\/post"}],"author":[{"embeddable":true,"href":"https:\/\/letempsmag.ma\/index.php?rest_route=\/wp\/v2\/users\/9"}],"replies":[{"embeddable":true,"href":"https:\/\/letempsmag.ma\/index.php?rest_route=%2Fwp%2Fv2%2Fcomments&post=10922"}],"version-history":[{"count":1,"href":"https:\/\/letempsmag.ma\/index.php?rest_route=\/wp\/v2\/posts\/10922\/revisions"}],"predecessor-version":[{"id":10924,"href":"https:\/\/letempsmag.ma\/index.php?rest_route=\/wp\/v2\/posts\/10922\/revisions\/10924"}],"wp:featuredmedia":[{"embeddable":true,"href":"https:\/\/letempsmag.ma\/index.php?rest_route=\/wp\/v2\/media\/10923"}],"wp:attachment":[{"href":"https:\/\/letempsmag.ma\/index.php?rest_route=%2Fwp%2Fv2%2Fmedia&parent=10922"}],"wp:term":[{"taxonomy":"category","embeddable":true,"href":"https:\/\/letempsmag.ma\/index.php?rest_route=%2Fwp%2Fv2%2Fcategories&post=10922"},{"taxonomy":"post_tag","embeddable":true,"href":"https:\/\/letempsmag.ma\/index.php?rest_route=%2Fwp%2Fv2%2Ftags&post=10922"}],"curies":[{"name":"wp","href":"https:\/\/api.w.org\/{rel}","templated":true}]}}