{"id":10916,"date":"2021-12-17T09:10:36","date_gmt":"2021-12-17T08:10:36","guid":{"rendered":"https:\/\/letempsmag.ma\/?p=10916"},"modified":"2021-12-17T09:10:38","modified_gmt":"2021-12-17T08:10:38","slug":"ibm-confie-a-julia-carvalho-le-management-des-marches-en-croissance-en-afrique","status":"publish","type":"post","link":"https:\/\/letempsmag.ma\/?p=10916","title":{"rendered":"IBM confie \u00e0 Julia Carvalho le management des march\u00e9s en croissance en Afrique"},"content":{"rendered":"\n<p>Le g\u00e9ant IBM vient d\u2019annoncer&nbsp; la nomination de Julia Carvalho au poste de Directrice G\u00e9n\u00e9rale Growth Markets Afrique. La haute responsable est charg\u00e9e des op\u00e9rations commerciales d&#8217;IBM, mais aussi de la croissance de l\u2019\u00e9cosyst\u00e8me des partenaires et du suivi des besoins des clients dans plusieurs r\u00e9gions d&#8217;Afrique. Elle a pour mission de<a><\/a> contribuer au renforcement des activit\u00e9s d&#8217;IBM sur le continent, tout en assistant l\u2019\u00e9cosyst\u00e8me des partenaires d\u2019IBM en Afrique. Julia Carvalho apporte \u00e0 ce poste sa connaissance approfondie du continent africain car elle est nantie d\u2019une exp\u00e9rience de plus de 20 ann\u00e9es en Afrique avec un parcours dans plusieurs secteurs&nbsp;: technologies de l&#8217;information, p\u00e9trole, gaz, \u00e9nergie\u2026 \u00abL\u2019expertise de Julia dans le domaine des technologies et sa profonde connaissance du continent africain apporteront une grande valeur ajout\u00e9e \u00e0 ce poste, de m\u00eame qu\u2019elles nous aideront \u00e0 mieux accompagner nos clients dans leurs efforts d\u2019acc\u00e9l\u00e9ration de leur transformation num\u00e9rique \u00e0 l&#8217;\u00e8re du cloud hybride, de la Data et de l&#8217;Intelligence artificielle. En tant que leader senior, l&#8217;accent que Julia mettra sur l&#8217;engagement d&#8217;IBM en faveur de son \u00e9cosyst\u00e8me de partenaires nous aidera \u00e0 \u00eatre encore plus proches et plus disponibles pour nos clients\u00bb, d\u00e9clar\u00e9 Saad Toma, Directeur G\u00e9n\u00e9ral d&#8217;IBM Moyen-Orient et Afrique.<\/p>\n\n\n\n<p>Julia Carvalho est titulaire d&#8217;un doctorat en ing\u00e9nierie et d&#8217;une ma\u00eetrise en ing\u00e9nierie des g\u00e9oressources de l&#8217;Ecole d&#8217;Ing\u00e9nierie, de Science et de Technologie (Instituto Superior Tecnico) de l&#8217;Universit\u00e9 de Lisbonne (Portugal).<\/p>\n\n\n\n<p><strong>M. E.<\/strong><\/p>\n","protected":false},"excerpt":{"rendered":"<p>Le g\u00e9ant IBM vient d\u2019annoncer&nbsp; la nomination de Julia Carvalho au poste de Directrice G\u00e9n\u00e9rale Growth Markets Afrique. La haute responsable est charg\u00e9e des op\u00e9rations commerciales d&#8217;IBM, mais aussi de la croissance de l\u2019\u00e9cosyst\u00e8me des partenaires et du suivi des besoins des clients dans plusieurs r\u00e9gions d&#8217;Afrique. Elle a pour mission de contribuer au renforcement &hellip;<\/p>\n","protected":false},"author":9,"featured_media":10917,"comment_status":"open","ping_status":"closed","sticky":false,"template":"","format":"standard","meta":{"footnotes":""},"categories":[321],"tags":[],"class_list":["post-10916","post","type-post","status-publish","format-standard","has-post-thumbnail","hentry","category-high-tech"],"_links":{"self":[{"href":"https:\/\/letempsmag.ma\/index.php?rest_route=\/wp\/v2\/posts\/10916","targetHints":{"allow":["GET"]}}],"collection":[{"href":"https:\/\/letempsmag.ma\/index.php?rest_route=\/wp\/v2\/posts"}],"about":[{"href":"https:\/\/letempsmag.ma\/index.php?rest_route=\/wp\/v2\/types\/post"}],"author":[{"embeddable":true,"href":"https:\/\/letempsmag.ma\/index.php?rest_route=\/wp\/v2\/users\/9"}],"replies":[{"embeddable":true,"href":"https:\/\/letempsmag.ma\/index.php?rest_route=%2Fwp%2Fv2%2Fcomments&post=10916"}],"version-history":[{"count":1,"href":"https:\/\/letempsmag.ma\/index.php?rest_route=\/wp\/v2\/posts\/10916\/revisions"}],"predecessor-version":[{"id":10918,"href":"https:\/\/letempsmag.ma\/index.php?rest_route=\/wp\/v2\/posts\/10916\/revisions\/10918"}],"wp:featuredmedia":[{"embeddable":true,"href":"https:\/\/letempsmag.ma\/index.php?rest_route=\/wp\/v2\/media\/10917"}],"wp:attachment":[{"href":"https:\/\/letempsmag.ma\/index.php?rest_route=%2Fwp%2Fv2%2Fmedia&parent=10916"}],"wp:term":[{"taxonomy":"category","embeddable":true,"href":"https:\/\/letempsmag.ma\/index.php?rest_route=%2Fwp%2Fv2%2Fcategories&post=10916"},{"taxonomy":"post_tag","embeddable":true,"href":"https:\/\/letempsmag.ma\/index.php?rest_route=%2Fwp%2Fv2%2Ftags&post=10916"}],"curies":[{"name":"wp","href":"https:\/\/api.w.org\/{rel}","templated":true}]}}