{"id":10821,"date":"2021-12-13T10:24:47","date_gmt":"2021-12-13T09:24:47","guid":{"rendered":"https:\/\/letempsmag.ma\/?p=10821"},"modified":"2021-12-13T10:24:49","modified_gmt":"2021-12-13T09:24:49","slug":"lancement-a-rabat-du-projet-la-musique-sinstalle-a-lhopital","status":"publish","type":"post","link":"https:\/\/letempsmag.ma\/?p=10821","title":{"rendered":"Lancement \u00e0 Rabat du projet \u00abla musique s&#8217;installe \u00e0 l&#8217;h\u00f4pital\u00bb"},"content":{"rendered":"\n<p>Un projet in\u00e9dit, \u00abLa musique s&#8217;installe \u00e0 l&#8217;h\u00f4pital\u00bb, a \u00e9t\u00e9 lanc\u00e9 hier dimanche, au Centre Hospitalo-Universitaire Ibn Sina de Rabat, avec pour objectif de contribuer \u00e0 soulager les souffrances des patients et de leurs familles gr\u00e2ce \u00e0 l&#8217;art et \u00e0 la musique. Une salle d\u00e9di\u00e9e \u00e0 l\u2019\u00e9veil musical a ainsi \u00e9t\u00e9 am\u00e9nag\u00e9e au Centre \u00e0 l\u2019initiative de la Fondation Dr Abderrahmane Fennich, avec le soutien du minist\u00e8re de la Jeunesse, de la Culture et de la Communication. Le but&nbsp;: stimuler les sentiments de joie et d\u2019optimisme chez les patients. \u00c0 cette occasion, le Ministre de tutelle, Mohamed Mehdi Bensaid, a soulign\u00e9 l\u2019importance de la musique, du th\u00e9\u00e2tre et de l\u2019art chez les personnes malades, appelant \u00e0 la g\u00e9n\u00e9ralisation de cette initiative dans toutes les provinces du Royaume.<\/p>\n\n\n\n<p>Cette c\u00e9r\u00e9monie a \u00e9t\u00e9 marqu\u00e9e par la pr\u00e9sence du Conseiller du Souverain, Andr\u00e9 Azoulay, qui a relev\u00e9 que les h\u00f4pitaux sont souvent associ\u00e9s \u00e0 la peur des traitements et \u00e0 la douleur, affirmant que cette initiative a pour objectif de changer cette vision. Pour sa part, Mohamed Mehdi Bensaid a confi\u00e9 que \u00abl&#8217;enfance marocaine, espoir de l\u2019avenir, m\u00e9rite \u00e9norm\u00e9ment d&#8217;attention\u00bb, ajoutant que son D\u00e9partement encourage de telles initiatives et se tient pr\u00eat \u00e0 les soutenir dans toutes les provinces du Royaume. Quant \u00e0 Naila Fennich, Pr\u00e9sidente de la Fondation Abderrahmane Fennich, elle a rappel\u00e9 que l\u2019ambition d\u2019int\u00e9grer l\u2019art et la musique dans l\u2019enceinte des h\u00f4pitaux ne date pas d\u2019aujourd\u2019hui. Il s\u2019agit d&#8217;une id\u00e9e du Dr Abderrahmane Fennich, artiste et m\u00e9decin, dont le projet n\u2019avait h\u00e9las pas abouti au cours des ann\u00e9es 60 du si\u00e8cle dernier.<\/p>\n\n\n\n<p>La c\u00e9r\u00e9monie a \u00e9t\u00e9 marqu\u00e9e par la participation de figures du monde de l&#8217;art et du sport. Une occasion aussi d\u2019\u00e9couter la belle chanson \u00abNaghma Wa Bassma\u00bb, d\u00e9di\u00e9e \u00e0 l\u2019\u00e9v\u00e9nement et interpr\u00e9t\u00e9e par une pl\u00e9iade de chanteurs marocains dont Latifa Raafat et Bachir Abdou.<\/p>\n","protected":false},"excerpt":{"rendered":"<p>Un projet in\u00e9dit, \u00abLa musique s&#8217;installe \u00e0 l&#8217;h\u00f4pital\u00bb, a \u00e9t\u00e9 lanc\u00e9 hier dimanche, au Centre Hospitalo-Universitaire Ibn Sina de Rabat, avec pour objectif de contribuer \u00e0 soulager les souffrances des patients et de leurs familles gr\u00e2ce \u00e0 l&#8217;art et \u00e0 la musique. Une salle d\u00e9di\u00e9e \u00e0 l\u2019\u00e9veil musical a ainsi \u00e9t\u00e9 am\u00e9nag\u00e9e au Centre \u00e0 &hellip;<\/p>\n","protected":false},"author":9,"featured_media":10822,"comment_status":"open","ping_status":"closed","sticky":false,"template":"","format":"standard","meta":{"footnotes":""},"categories":[531],"tags":[],"class_list":["post-10821","post","type-post","status-publish","format-standard","has-post-thumbnail","hentry","category-therapie"],"_links":{"self":[{"href":"https:\/\/letempsmag.ma\/index.php?rest_route=\/wp\/v2\/posts\/10821","targetHints":{"allow":["GET"]}}],"collection":[{"href":"https:\/\/letempsmag.ma\/index.php?rest_route=\/wp\/v2\/posts"}],"about":[{"href":"https:\/\/letempsmag.ma\/index.php?rest_route=\/wp\/v2\/types\/post"}],"author":[{"embeddable":true,"href":"https:\/\/letempsmag.ma\/index.php?rest_route=\/wp\/v2\/users\/9"}],"replies":[{"embeddable":true,"href":"https:\/\/letempsmag.ma\/index.php?rest_route=%2Fwp%2Fv2%2Fcomments&post=10821"}],"version-history":[{"count":1,"href":"https:\/\/letempsmag.ma\/index.php?rest_route=\/wp\/v2\/posts\/10821\/revisions"}],"predecessor-version":[{"id":10823,"href":"https:\/\/letempsmag.ma\/index.php?rest_route=\/wp\/v2\/posts\/10821\/revisions\/10823"}],"wp:featuredmedia":[{"embeddable":true,"href":"https:\/\/letempsmag.ma\/index.php?rest_route=\/wp\/v2\/media\/10822"}],"wp:attachment":[{"href":"https:\/\/letempsmag.ma\/index.php?rest_route=%2Fwp%2Fv2%2Fmedia&parent=10821"}],"wp:term":[{"taxonomy":"category","embeddable":true,"href":"https:\/\/letempsmag.ma\/index.php?rest_route=%2Fwp%2Fv2%2Fcategories&post=10821"},{"taxonomy":"post_tag","embeddable":true,"href":"https:\/\/letempsmag.ma\/index.php?rest_route=%2Fwp%2Fv2%2Ftags&post=10821"}],"curies":[{"name":"wp","href":"https:\/\/api.w.org\/{rel}","templated":true}]}}