{"id":10704,"date":"2021-12-08T10:13:39","date_gmt":"2021-12-08T09:13:39","guid":{"rendered":"https:\/\/letempsmag.ma\/?p=10704"},"modified":"2021-12-08T10:13:40","modified_gmt":"2021-12-08T09:13:40","slug":"qui-a-gagne-au-1er-concours-la-marche-verte-vue-par-les-jeunes-createurs-de-limage","status":"publish","type":"post","link":"https:\/\/letempsmag.ma\/?p=10704","title":{"rendered":"Qui a gagn\u00e9 au 1er concours \u00abLa Marche Verte vue par les jeunes cr\u00e9ateurs de l&#8217;image\u00bb ?"},"content":{"rendered":"\n<p>Le Ministre de la Culture, de la Jeunesse et de la Communication, Mohamed Mehdi Bensaid, a pr\u00e9sid\u00e9 lundi dernier \u00e0 Rabat une c\u00e9r\u00e9monie de remise des Prix pour la premi\u00e8re \u00e9dition du concours \u00abLa Marche Verte vue par les jeunes cr\u00e9ateurs de l\u2019image\u00bb. Cette comp\u00e9tition de courts-m\u00e9trages a \u00e9t\u00e9 lanc\u00e9e par le Centre Cin\u00e9matographique Marocain (CCM) en collaboration avec le minist\u00e8re de la Culture, de la Jeunesse et de la Communication et s&#8217;inscrit dans le cadre de la r\u00e9cente comm\u00e9moration du 46<sup>\u00e8me<\/sup> anniversaire de la Marche Verte.<\/p>\n\n\n\n<p>Le concours a \u00e9t\u00e9 ouvert aux jeunes r\u00e9alisateurs marocains, amateurs et cr\u00e9ateurs de l\u2019image et de contenu vid\u00e9o, \u00e2g\u00e9s de 35 ans maximum. L\u2019objectif&nbsp;: illustrer avec des images d\u2019archives, de fiction ou d\u2019animation l\u2019\u00e9v\u00e9nement historique de la Marche Verte.<\/p>\n\n\n\n<p>Le grand Prix du concours a \u00e9t\u00e9 d\u00e9cern\u00e9 \u00e0 Asmae Adnani pour son film \u00abUne page de notre Histoire\u00bb, tandis que le film e \u00abIdentit\u00e9 retrouv\u00e9e\u00bb, de Redouane Ahrbil, a d\u00e9croch\u00e9 le prix du Jury. Par ailleurs, le Prix du Meilleur Espoir, r\u00e9serv\u00e9 aux moins de 21 ans, a \u00e9t\u00e9 attribu\u00e9 \u00e0 Taha El Houmam pour son court-m\u00e9trage \u00abLe n\u00f4tre\u00bb. La Mention Sp\u00e9ciale est revenue au film \u00abSur le chemin de la Marche Verte\u00bb, mis en sc\u00e8ne par Nabiha Reffasse.<\/p>\n\n\n\n<p>\u00c0 cette occasion, le Ministre a soulign\u00e9, dans une d\u00e9claration \u00e0 la MAP, que ce concours vise \u00e0 amener les jeunes \u00e0 accorder davantage d&#8217;int\u00e9r\u00eat aux questions nationales, mettant en avant la place qu\u2019occupe d\u00e9sormais l\u2019image aupr\u00e8s de cette frange de la soci\u00e9t\u00e9 marocaine, notamment avec les opportunit\u00e9s offertes par les technologies modernes qui ont rendu la cr\u00e9ation des \u0153uvres artistiques accessible \u00e0 tous. (Photo&nbsp;: Le Matin).<\/p>\n\n\n\n<p><strong>L. F.<\/strong><\/p>\n","protected":false},"excerpt":{"rendered":"<p>Le Ministre de la Culture, de la Jeunesse et de la Communication, Mohamed Mehdi Bensaid, a pr\u00e9sid\u00e9 lundi dernier \u00e0 Rabat une c\u00e9r\u00e9monie de remise des Prix pour la premi\u00e8re \u00e9dition du concours \u00abLa Marche Verte vue par les jeunes cr\u00e9ateurs de l\u2019image\u00bb. Cette comp\u00e9tition de courts-m\u00e9trages a \u00e9t\u00e9 lanc\u00e9e par le Centre Cin\u00e9matographique Marocain &hellip;<\/p>\n","protected":false},"author":9,"featured_media":10705,"comment_status":"open","ping_status":"closed","sticky":false,"template":"","format":"standard","meta":{"footnotes":""},"categories":[197],"tags":[],"class_list":["post-10704","post","type-post","status-publish","format-standard","has-post-thumbnail","hentry","category-creation"],"_links":{"self":[{"href":"https:\/\/letempsmag.ma\/index.php?rest_route=\/wp\/v2\/posts\/10704","targetHints":{"allow":["GET"]}}],"collection":[{"href":"https:\/\/letempsmag.ma\/index.php?rest_route=\/wp\/v2\/posts"}],"about":[{"href":"https:\/\/letempsmag.ma\/index.php?rest_route=\/wp\/v2\/types\/post"}],"author":[{"embeddable":true,"href":"https:\/\/letempsmag.ma\/index.php?rest_route=\/wp\/v2\/users\/9"}],"replies":[{"embeddable":true,"href":"https:\/\/letempsmag.ma\/index.php?rest_route=%2Fwp%2Fv2%2Fcomments&post=10704"}],"version-history":[{"count":1,"href":"https:\/\/letempsmag.ma\/index.php?rest_route=\/wp\/v2\/posts\/10704\/revisions"}],"predecessor-version":[{"id":10706,"href":"https:\/\/letempsmag.ma\/index.php?rest_route=\/wp\/v2\/posts\/10704\/revisions\/10706"}],"wp:featuredmedia":[{"embeddable":true,"href":"https:\/\/letempsmag.ma\/index.php?rest_route=\/wp\/v2\/media\/10705"}],"wp:attachment":[{"href":"https:\/\/letempsmag.ma\/index.php?rest_route=%2Fwp%2Fv2%2Fmedia&parent=10704"}],"wp:term":[{"taxonomy":"category","embeddable":true,"href":"https:\/\/letempsmag.ma\/index.php?rest_route=%2Fwp%2Fv2%2Fcategories&post=10704"},{"taxonomy":"post_tag","embeddable":true,"href":"https:\/\/letempsmag.ma\/index.php?rest_route=%2Fwp%2Fv2%2Ftags&post=10704"}],"curies":[{"name":"wp","href":"https:\/\/api.w.org\/{rel}","templated":true}]}}