{"id":10670,"date":"2021-12-07T10:01:07","date_gmt":"2021-12-07T09:01:07","guid":{"rendered":"https:\/\/letempsmag.ma\/?p=10670"},"modified":"2021-12-07T10:29:35","modified_gmt":"2021-12-07T09:29:35","slug":"le-maroc-cite-en-exemple-par-loms","status":"publish","type":"post","link":"https:\/\/letempsmag.ma\/?p=10670","title":{"rendered":"Le Maroc cit\u00e9 en exemple par l&#8217;OMS"},"content":{"rendered":"\n<p>Le Directeur G\u00e9n\u00e9ral de l\u2019Organisation Mondiale de la Sant\u00e9 (OMS), Tedros Adhanom Ghebreyesus, a mis en avant les initiatives prises par quelques pays africains, dont le Maroc, qui \u00abont sign\u00e9 des accords ou des protocoles d&#8217;accord pour la fabrication de vaccins contre le Covid-19\u00bb. Intervenant lors d\u2019une r\u00e9union tenue en ligne depuis Kigali (capitale du Rwanda), sur le partenariat pour la fabrication des vaccins en Afrique, le patron de l\u2019OMS a soulign\u00e9 l\u2019importance de la production locale de vaccins en tant qu\u2019\u00e9l\u00e9ment essentiel pour la r\u00e9alisation des objectifs de la couverture sanitaire universelle. \u00ab Avant m\u00eame la pand\u00e9mie, nous savions que la production locale de vaccins est un \u00e9l\u00e9ment essentiel du cheminement vers la couverture sanitaire universelle \u00bb, a-t-il soutenu. \u00ab Au-del\u00e0 du Covid\u00bb, il y aura toujours des maladies et des \u00e9pid\u00e9mies. C\u2019est pourquoi la production locale de vaccins est importante\u00bb, a-t-il relev\u00e9.<\/p>\n\n\n\n<p>Tedros Adhanom Ghebreyesus s\u2019est attard\u00e9, par ailleurs, sur les efforts accomplis dans le continent pour le d\u00e9veloppement d\u2019une industrie de fabrication de vaccins, notant que \u00abLe Maroc, l\u2019\u00c9gypte, le Rwanda et le S\u00e9n\u00e9gal ont tous sign\u00e9 des accords ou des protocoles d&#8217;accord pour la fabrication de vaccins contre le Covid-19 dans leurs pays\u00bb. Il s\u2019est f\u00e9licit\u00e9, en outre, de l\u2019entr\u00e9e en vigueur r\u00e9cemment du Trait\u00e9 de l\u2019agence africaine des m\u00e9dicaments, ouvrant la voie, a-t-il dit, \u00e0 l\u2019am\u00e9lioration de la qualit\u00e9, de la s\u00e9curit\u00e9, de l\u2019efficacit\u00e9 et de la disponibilit\u00e9 des m\u00e9dicaments et des vaccins \u00e0 travers le continent.<\/p>\n","protected":false},"excerpt":{"rendered":"<p>Le Directeur G\u00e9n\u00e9ral de l\u2019Organisation Mondiale de la Sant\u00e9 (OMS), Tedros Adhanom Ghebreyesus, a mis en avant les initiatives prises par quelques pays africains, dont le Maroc, qui \u00abont sign\u00e9 des accords ou des protocoles d&#8217;accord pour la fabrication de vaccins contre le Covid-19\u00bb. Intervenant lors d\u2019une r\u00e9union tenue en ligne depuis Kigali (capitale du &hellip;<\/p>\n","protected":false},"author":9,"featured_media":10679,"comment_status":"open","ping_status":"closed","sticky":false,"template":"","format":"standard","meta":{"footnotes":""},"categories":[526],"tags":[],"class_list":["post-10670","post","type-post","status-publish","format-standard","has-post-thumbnail","hentry","category-vaccins"],"_links":{"self":[{"href":"https:\/\/letempsmag.ma\/index.php?rest_route=\/wp\/v2\/posts\/10670","targetHints":{"allow":["GET"]}}],"collection":[{"href":"https:\/\/letempsmag.ma\/index.php?rest_route=\/wp\/v2\/posts"}],"about":[{"href":"https:\/\/letempsmag.ma\/index.php?rest_route=\/wp\/v2\/types\/post"}],"author":[{"embeddable":true,"href":"https:\/\/letempsmag.ma\/index.php?rest_route=\/wp\/v2\/users\/9"}],"replies":[{"embeddable":true,"href":"https:\/\/letempsmag.ma\/index.php?rest_route=%2Fwp%2Fv2%2Fcomments&post=10670"}],"version-history":[{"count":1,"href":"https:\/\/letempsmag.ma\/index.php?rest_route=\/wp\/v2\/posts\/10670\/revisions"}],"predecessor-version":[{"id":10672,"href":"https:\/\/letempsmag.ma\/index.php?rest_route=\/wp\/v2\/posts\/10670\/revisions\/10672"}],"wp:featuredmedia":[{"embeddable":true,"href":"https:\/\/letempsmag.ma\/index.php?rest_route=\/wp\/v2\/media\/10679"}],"wp:attachment":[{"href":"https:\/\/letempsmag.ma\/index.php?rest_route=%2Fwp%2Fv2%2Fmedia&parent=10670"}],"wp:term":[{"taxonomy":"category","embeddable":true,"href":"https:\/\/letempsmag.ma\/index.php?rest_route=%2Fwp%2Fv2%2Fcategories&post=10670"},{"taxonomy":"post_tag","embeddable":true,"href":"https:\/\/letempsmag.ma\/index.php?rest_route=%2Fwp%2Fv2%2Ftags&post=10670"}],"curies":[{"name":"wp","href":"https:\/\/api.w.org\/{rel}","templated":true}]}}