{"id":10655,"date":"2021-12-07T09:57:38","date_gmt":"2021-12-07T08:57:38","guid":{"rendered":"https:\/\/letempsmag.ma\/?p=10655"},"modified":"2021-12-07T10:23:55","modified_gmt":"2021-12-07T09:23:55","slug":"casablanca-a-porte-haut-sa-marque-lors-de-lafrica-place-marketing","status":"publish","type":"post","link":"https:\/\/letempsmag.ma\/?p=10655","title":{"rendered":"Casablanca a port\u00e9 haut sa marque lors de l\u2019\u00abAfrica Place Marketing\u00bb"},"content":{"rendered":"\n<p>Casablanca Events &amp; Animation a organis\u00e9, les 24 et 25 novembre derniers \u00e0 Casablanca, la 2<sup>\u00e8me<\/sup> \u00e9dition du symposium \u00abAfrica Place Marketing\u00bb, sous le th\u00e8me \u00abTous acteurs d\u2019hospitalit\u00e9\u0301 et d\u2019attractivit\u00e9 des territoires\u00bb. Deux journ\u00e9es intenses de travaux et de discussion constructives qui ont r\u00e9uni cette ann\u00e9e des experts, des chercheurs et des professionnels de renomm\u00e9e internationale repr\u00e9sentant plus de 16 territoires consid\u00e9r\u00e9s comme des cas d\u2019\u00e9cole en mati\u00e8re de marketing territorial. Cette 2<sup>\u00e8me<\/sup> \u00e9dition a vu la participation de 35 conf\u00e9renciers venus partager leurs expertises et leurs exp\u00e9riences sur l\u2019ensemble des aspects du marketing territorial. 455 participants sur la plateforme de diffusion, 78.000 personnes ayant visit\u00e9 le site web d\u00e9di\u00e9 \u00e0 l\u2019\u00e9v\u00e9nement et plus de 50 journalistes ont assur\u00e9 un fort rayonnement et une grande visibilit\u00e9 \u00e0 l\u2019\u00e9v\u00e9nement.<\/p>\n\n\n\n<p>Les conf\u00e9rences ont permis de d\u00e9limiter les concepts de base du marketing, \u00e0 savoir le territoire pertinent, la notion m\u00eame du marketing territorial, celle de l\u2019attractivit\u00e9 et de l\u2019hospitalit\u00e9 territoriale, la marque et l\u2019identit\u00e9 territoriale. Les experts ont par ailleurs mis en exergue l\u2019importance de prendre en consid\u00e9ration les sp\u00e9cificit\u00e9s des territoires \u00e9mergents en termes de strat\u00e9gie, de la r\u00e9silience territoriale, mais aussi de la valeur de l\u2019identit\u00e9 territoriale et de la personnalit\u00e9 du territoire dans r\u00e9ussite de la d\u00e9marche marketing.<\/p>\n\n\n\n<p>Deux ateliers ont permis d\u2019\u00e9clairer sur la mani\u00e8re d\u2019aborder le marketing territorial, \u00e0 savoir celui des facteurs-cl\u00e9s de succ\u00e8s et celui de la redynamisation de la marque. Une occasion pour la marque territoriale \u00abWeCasablanca\u00bb de faire le point sur les r\u00e9alisations et d\u2019actualiser les \u00e9tudes et les d\u00e9marches afin d\u2019am\u00e9liorer le plan d\u2019action&nbsp; du programme marketing et promotion territoriale pour faire vivre, aimer et f\u00e9d\u00e9rer les parties prenantes autour de cette marque rassembleuse.<\/p>\n\n\n\n<p>Deux moments forts ont marqu\u00e9 cette 2<sup>\u00e8me<\/sup> \u00e9dition de l\u2019\u00abAfrica Place Marketing\u00bb&nbsp;:<\/p>\n\n\n\n<p>&#8211; Le \u00abThinkThank\u00bb&nbsp;: une nette r\u00e9ussite qui a permis d\u2019avoir les premi\u00e8res \u00e9bauches de la r\u00e9flexion autour de la strat\u00e9gie marketing territoriale adapt\u00e9e aux territoires africains. L\u2019objectif \u00e9tant de faire durer ce genre d\u2019\u00e9changes pour avoir des discussions permanentes et ponctuelles sur le marketing territorial en Afrique.<\/p>\n\n\n\n<p>&#8211; L\u2019\u00abAfrica Place Marketing Competition\u00bb&nbsp;: un moment fort qui a f\u00e9d\u00e9r\u00e9 tous les participants gr\u00e2ce \u00e0 leurs id\u00e9es innovantes, cr\u00e9atives et pertinentes, pr\u00e9sent\u00e9es par la jeunesse marocaine qui a une vision \u00about of the box\u00bb tr\u00e8s d\u00e9velopp\u00e9e.<\/p>\n\n\n\n<p>Cette comp\u00e9tition a challeng\u00e9 plusieurs \u00abBusiness School\u00bb et a \u00e9t\u00e9 remport\u00e9e par les \u00e9l\u00e8ves de l\u2019ENCG Casablanca qui ont d\u00e9fendu leurs projets face aux \u00e9tudiants, non moins d\u00e9m\u00e9ritant, de l\u2019\u00e9cole HEM et de l\u2019ESCA Casablanca.<\/p>\n","protected":false},"excerpt":{"rendered":"<p>Casablanca Events &amp; Animation a organis\u00e9, les 24 et 25 novembre derniers \u00e0 Casablanca, la 2\u00e8me \u00e9dition du symposium \u00abAfrica Place Marketing\u00bb, sous le th\u00e8me \u00abTous acteurs d\u2019hospitalit\u00e9\u0301 et d\u2019attractivit\u00e9 des territoires\u00bb. Deux journ\u00e9es intenses de travaux et de discussion constructives qui ont r\u00e9uni cette ann\u00e9e des experts, des chercheurs et des professionnels de renomm\u00e9e &hellip;<\/p>\n","protected":false},"author":9,"featured_media":10677,"comment_status":"open","ping_status":"closed","sticky":false,"template":"","format":"standard","meta":{"footnotes":""},"categories":[178],"tags":[],"class_list":["post-10655","post","type-post","status-publish","format-standard","has-post-thumbnail","hentry","category-marketing-territorial"],"_links":{"self":[{"href":"https:\/\/letempsmag.ma\/index.php?rest_route=\/wp\/v2\/posts\/10655","targetHints":{"allow":["GET"]}}],"collection":[{"href":"https:\/\/letempsmag.ma\/index.php?rest_route=\/wp\/v2\/posts"}],"about":[{"href":"https:\/\/letempsmag.ma\/index.php?rest_route=\/wp\/v2\/types\/post"}],"author":[{"embeddable":true,"href":"https:\/\/letempsmag.ma\/index.php?rest_route=\/wp\/v2\/users\/9"}],"replies":[{"embeddable":true,"href":"https:\/\/letempsmag.ma\/index.php?rest_route=%2Fwp%2Fv2%2Fcomments&post=10655"}],"version-history":[{"count":1,"href":"https:\/\/letempsmag.ma\/index.php?rest_route=\/wp\/v2\/posts\/10655\/revisions"}],"predecessor-version":[{"id":10657,"href":"https:\/\/letempsmag.ma\/index.php?rest_route=\/wp\/v2\/posts\/10655\/revisions\/10657"}],"wp:featuredmedia":[{"embeddable":true,"href":"https:\/\/letempsmag.ma\/index.php?rest_route=\/wp\/v2\/media\/10677"}],"wp:attachment":[{"href":"https:\/\/letempsmag.ma\/index.php?rest_route=%2Fwp%2Fv2%2Fmedia&parent=10655"}],"wp:term":[{"taxonomy":"category","embeddable":true,"href":"https:\/\/letempsmag.ma\/index.php?rest_route=%2Fwp%2Fv2%2Fcategories&post=10655"},{"taxonomy":"post_tag","embeddable":true,"href":"https:\/\/letempsmag.ma\/index.php?rest_route=%2Fwp%2Fv2%2Ftags&post=10655"}],"curies":[{"name":"wp","href":"https:\/\/api.w.org\/{rel}","templated":true}]}}