{"id":10629,"date":"2021-12-04T13:33:22","date_gmt":"2021-12-04T12:33:22","guid":{"rendered":"https:\/\/letempsmag.ma\/?p=10629"},"modified":"2021-12-04T13:33:23","modified_gmt":"2021-12-04T12:33:23","slug":"151-nouveaux-cas-au-maroc-en-24-heures-et-950-374-cas-cumules","status":"publish","type":"post","link":"https:\/\/letempsmag.ma\/?p=10629","title":{"rendered":"151 nouveaux cas au Maroc en 24 heures et 950.374 cas cumul\u00e9s"},"content":{"rendered":"\n<p>Le Centre national des op\u00e9rations d&#8217;urgence de sant\u00e9 publique au minist\u00e8re de la Sant\u00e9 a annonc\u00e9, hier vendredi \u00e0 16h, 151 nouveaux cas de \u00abCovid-19\u00bb, enregistr\u00e9s \u00e0 travers le Maroc, ce qui porte le bilan national cumul\u00e9 \u00e0 950.374 cas confirm\u00e9s depuis la premi\u00e8re infection enregistr\u00e9e le 2 mars 2020.<\/p>\n\n\n\n<p>Le minist\u00e8re signale par ailleurs que le nombre de personnes totalement r\u00e9tablies s\u2019\u00e9l\u00e8ve \u00e0 932.737 tandis que le nombre de d\u00e9c\u00e8s atteint 14.784.<\/p>\n\n\n\n<p>Les nouvelles infections ont \u00e9t\u00e9 enregistr\u00e9es dans les r\u00e9gions de Casablanca-Settat (62 cas), Rabat-Sal\u00e9-K\u00e9nitra (56), Marrakech-Safi (11), Tanger-T\u00e9touan-Al Hoceima (6), l&#8217;Oriental (4), F\u00e8s-Mekn\u00e8s (4), B\u00e9ni Mellal-Kh\u00e9nifra (3), Souss-Massa (3), Dra\u00e2-Tafilalet (1) et Dakhla-Oued Eddahab (1).<\/p>\n\n\n\n<p>Pr\u00e9cisons aussi qu\u2019\u00e0 la date d\u2019hier, 24.430.812 personnes ont \u00e9t\u00e9 vaccin\u00e9es contre le \u00abCovid-19\u00bb \u00e0 travers le Maroc dans le cadre de la premi\u00e8re dose, 22.702.725 personnes dans le cadre de la deuxi\u00e8me dose et 1.751.318 personnes dans le cadre de la troisi\u00e8me dose.<\/p>\n\n\n\n<p><strong>M. E.<\/strong><\/p>\n","protected":false},"excerpt":{"rendered":"<p>Le Centre national des op\u00e9rations d&#8217;urgence de sant\u00e9 publique au minist\u00e8re de la Sant\u00e9 a annonc\u00e9, hier vendredi \u00e0 16h, 151 nouveaux cas de \u00abCovid-19\u00bb, enregistr\u00e9s \u00e0 travers le Maroc, ce qui porte le bilan national cumul\u00e9 \u00e0 950.374 cas confirm\u00e9s depuis la premi\u00e8re infection enregistr\u00e9e le 2 mars 2020. Le minist\u00e8re signale par ailleurs &hellip;<\/p>\n","protected":false},"author":9,"featured_media":10630,"comment_status":"open","ping_status":"closed","sticky":false,"template":"","format":"standard","meta":{"footnotes":""},"categories":[168],"tags":[],"class_list":["post-10629","post","type-post","status-publish","format-standard","has-post-thumbnail","hentry","category-pandemie-2"],"_links":{"self":[{"href":"https:\/\/letempsmag.ma\/index.php?rest_route=\/wp\/v2\/posts\/10629","targetHints":{"allow":["GET"]}}],"collection":[{"href":"https:\/\/letempsmag.ma\/index.php?rest_route=\/wp\/v2\/posts"}],"about":[{"href":"https:\/\/letempsmag.ma\/index.php?rest_route=\/wp\/v2\/types\/post"}],"author":[{"embeddable":true,"href":"https:\/\/letempsmag.ma\/index.php?rest_route=\/wp\/v2\/users\/9"}],"replies":[{"embeddable":true,"href":"https:\/\/letempsmag.ma\/index.php?rest_route=%2Fwp%2Fv2%2Fcomments&post=10629"}],"version-history":[{"count":1,"href":"https:\/\/letempsmag.ma\/index.php?rest_route=\/wp\/v2\/posts\/10629\/revisions"}],"predecessor-version":[{"id":10631,"href":"https:\/\/letempsmag.ma\/index.php?rest_route=\/wp\/v2\/posts\/10629\/revisions\/10631"}],"wp:featuredmedia":[{"embeddable":true,"href":"https:\/\/letempsmag.ma\/index.php?rest_route=\/wp\/v2\/media\/10630"}],"wp:attachment":[{"href":"https:\/\/letempsmag.ma\/index.php?rest_route=%2Fwp%2Fv2%2Fmedia&parent=10629"}],"wp:term":[{"taxonomy":"category","embeddable":true,"href":"https:\/\/letempsmag.ma\/index.php?rest_route=%2Fwp%2Fv2%2Fcategories&post=10629"},{"taxonomy":"post_tag","embeddable":true,"href":"https:\/\/letempsmag.ma\/index.php?rest_route=%2Fwp%2Fv2%2Ftags&post=10629"}],"curies":[{"name":"wp","href":"https:\/\/api.w.org\/{rel}","templated":true}]}}