{"id":10626,"date":"2021-12-04T13:32:40","date_gmt":"2021-12-04T12:32:40","guid":{"rendered":"https:\/\/letempsmag.ma\/?p=10626"},"modified":"2021-12-04T13:32:41","modified_gmt":"2021-12-04T12:32:41","slug":"le-maroc-suspend-toutes-les-manifestations-culturelles-et-artistiques","status":"publish","type":"post","link":"https:\/\/letempsmag.ma\/?p=10626","title":{"rendered":"Le Maroc suspend toutes les manifestations culturelles et artistiques"},"content":{"rendered":"\n<p>Le gouvernement a publi\u00e9 hier soir un communiqu\u00e9 annon\u00e7ant une nouvelle mesure restrictive li\u00e9e \u00e0 la pand\u00e9mie. Sur la base des dispositions juridiques relatives \u00e0 la gestion de l\u2019\u00e9tat d\u2019urgence sanitaire et en renforcement des mesures pr\u00e9ventives n\u00e9cessaires visant \u00e0 limiter la propagation du nouveau coronavirus, le communiqu\u00e9 indique qu\u2019il a \u00e9t\u00e9 d\u00e9cid\u00e9 d&#8217;interdire tous les festivals et toutes manifestations culturelles et artistiques \u00e0 travers le Royaume. L\u2019annonce est assortie d\u2019un rappel \u00e0 l\u2019adresse des citoyennes et des citoyens, les appelant \u00e0 adh\u00e9rer fortement \u00e0 la campagne nationale de vaccination et \u00e0 poursuivre l&#8217;engagement responsable en prenant toutes les mesures de pr\u00e9caution, afin de pr\u00e9server les acquis r\u00e9alis\u00e9s et contribuer au retour progressif \u00e0 la vie normale dans le pays.<\/p>\n","protected":false},"excerpt":{"rendered":"<p>Le gouvernement a publi\u00e9 hier soir un communiqu\u00e9 annon\u00e7ant une nouvelle mesure restrictive li\u00e9e \u00e0 la pand\u00e9mie. Sur la base des dispositions juridiques relatives \u00e0 la gestion de l\u2019\u00e9tat d\u2019urgence sanitaire et en renforcement des mesures pr\u00e9ventives n\u00e9cessaires visant \u00e0 limiter la propagation du nouveau coronavirus, le communiqu\u00e9 indique qu\u2019il a \u00e9t\u00e9 d\u00e9cid\u00e9 d&#8217;interdire tous &hellip;<\/p>\n","protected":false},"author":9,"featured_media":10627,"comment_status":"open","ping_status":"closed","sticky":false,"template":"","format":"standard","meta":{"footnotes":""},"categories":[377],"tags":[],"class_list":["post-10626","post","type-post","status-publish","format-standard","has-post-thumbnail","hentry","category-covid-19-2"],"_links":{"self":[{"href":"https:\/\/letempsmag.ma\/index.php?rest_route=\/wp\/v2\/posts\/10626","targetHints":{"allow":["GET"]}}],"collection":[{"href":"https:\/\/letempsmag.ma\/index.php?rest_route=\/wp\/v2\/posts"}],"about":[{"href":"https:\/\/letempsmag.ma\/index.php?rest_route=\/wp\/v2\/types\/post"}],"author":[{"embeddable":true,"href":"https:\/\/letempsmag.ma\/index.php?rest_route=\/wp\/v2\/users\/9"}],"replies":[{"embeddable":true,"href":"https:\/\/letempsmag.ma\/index.php?rest_route=%2Fwp%2Fv2%2Fcomments&post=10626"}],"version-history":[{"count":1,"href":"https:\/\/letempsmag.ma\/index.php?rest_route=\/wp\/v2\/posts\/10626\/revisions"}],"predecessor-version":[{"id":10628,"href":"https:\/\/letempsmag.ma\/index.php?rest_route=\/wp\/v2\/posts\/10626\/revisions\/10628"}],"wp:featuredmedia":[{"embeddable":true,"href":"https:\/\/letempsmag.ma\/index.php?rest_route=\/wp\/v2\/media\/10627"}],"wp:attachment":[{"href":"https:\/\/letempsmag.ma\/index.php?rest_route=%2Fwp%2Fv2%2Fmedia&parent=10626"}],"wp:term":[{"taxonomy":"category","embeddable":true,"href":"https:\/\/letempsmag.ma\/index.php?rest_route=%2Fwp%2Fv2%2Fcategories&post=10626"},{"taxonomy":"post_tag","embeddable":true,"href":"https:\/\/letempsmag.ma\/index.php?rest_route=%2Fwp%2Fv2%2Ftags&post=10626"}],"curies":[{"name":"wp","href":"https:\/\/api.w.org\/{rel}","templated":true}]}}