{"id":10617,"date":"2021-12-04T13:29:58","date_gmt":"2021-12-04T12:29:58","guid":{"rendered":"https:\/\/letempsmag.ma\/?p=10617"},"modified":"2021-12-04T13:29:59","modified_gmt":"2021-12-04T12:29:59","slug":"le-maroc-accueillera-en-2022-une-reunion-ministerielle-de-la-coalition-contre-daesh","status":"publish","type":"post","link":"https:\/\/letempsmag.ma\/?p=10617","title":{"rendered":"Le Maroc accueillera en 2022 une r\u00e9union minist\u00e9rielle de la Coalition contre Daesh"},"content":{"rendered":"\n<p>Le Maroc a toujours attir\u00e9 l\u2019attention de la communaut\u00e9 internationale, en g\u00e9n\u00e9ral, et de la Coalition mondiale contre Daesh, en particulier, sur la n\u00e9cessit\u00e9 de faire face \u00e0 la \u00abmenace croissante\u00bb des groupes terroristes en Afrique. C\u2019est ce qu\u2019a affirm\u00e9 jeudi dernier le Ministre des Affaires \u00e9trang\u00e8res, de la Coop\u00e9ration africaine et des Marocains r\u00e9sidant \u00e0 l\u2019\u00c9tranger, Nasser Bourita. S\u2019exprimant lors de la r\u00e9union de la Coalition internationale contre Daesh pour le lancement de son Groupe de r\u00e9flexion sur l\u2019Afrique, le Ministre a indiqu\u00e9 que le Maroc a accueilli en juin 2018 \u00e0 Skhirat la premi\u00e8re r\u00e9union des Directeurs politiques, d\u00e9di\u00e9e \u00e0 l\u2019Afrique, soutenant que le lancement de ce Groupe de r\u00e9flexion est \u00abplus que jamais d\u2019actualit\u00e9\u00bb vis-\u00e0-vis de l\u2019\u00e9volution continue de la situation dans le continent.<\/p>\n\n\n\n<p>Le Ministre a aussi annonc\u00e9 l\u2019accueil par le Royaume, au printemps prochain, d\u2019une r\u00e9union minist\u00e9rielle de la Coalition contre Daesh. Le Chef de la diplomatie marocaine a soulign\u00e9 par ailleurs que \u00abnous avons remarqu\u00e9 la mont\u00e9e en puissance de l\u2019utilisation des drones \u00e0 des fins de reconnaissance et d\u2019offensive, ainsi que des technologies \u00e9mergentes pour mener leurs op\u00e9rations et assurer leur financement par le biais de crypto-monnaies\u00bb, pr\u00e9cisant que l\u2019Afrique de l\u2019Ouest et le Sahel sont les r\u00e9gions les plus impact\u00e9es en Afrique, avec un total de 7.108 attaques terroristes enregistr\u00e9es en 2020 et plus de 1,4 million de personnes d\u00e9plac\u00e9es en raison des affrontements en cours.<\/p>\n\n\n\n<p>Nasser Bourita a d\u2019autre part soutenu qu\u2019afin de contribuer aux efforts de lutte contre le terrorisme sur le continent africain, le Maroc s\u2019est engag\u00e9 aux c\u00f4t\u00e9s de plusieurs pays et dans diff\u00e9rents forums, notamment au sein des Nations-Unies dans le cadre du Forum mondial de lutte contre le terrorisme et de la Coalition mondiale contre Daesh. Sur la base de cette exp\u00e9rience et de cet engagement, le Royaume s\u2019est port\u00e9 volontaire pour co-pr\u00e9sider ce Groupe de r\u00e9flexion sur l\u2019Afrique avec l\u2019Italie, le Niger et les \u00c9tats-Unis, a-t-il rappel\u00e9, soulignant que \u00able Maroc r\u00e9it\u00e8re son engagement \u00e0 \u0153uvrer en \u00e9troite collaboration avec nos copr\u00e9sidents, les membres de la Coalition et nos partenaires afin d\u2019atteindre les objectifs du Groupe de r\u00e9flexion sur l\u2019Afrique et d\u2019honorer ses promesses\u00bb.<\/p>\n\n\n\n<p><strong>A. A.<\/strong><\/p>\n","protected":false},"excerpt":{"rendered":"<p>Le Maroc a toujours attir\u00e9 l\u2019attention de la communaut\u00e9 internationale, en g\u00e9n\u00e9ral, et de la Coalition mondiale contre Daesh, en particulier, sur la n\u00e9cessit\u00e9 de faire face \u00e0 la \u00abmenace croissante\u00bb des groupes terroristes en Afrique. C\u2019est ce qu\u2019a affirm\u00e9 jeudi dernier le Ministre des Affaires \u00e9trang\u00e8res, de la Coop\u00e9ration africaine et des Marocains r\u00e9sidant &hellip;<\/p>\n","protected":false},"author":9,"featured_media":10618,"comment_status":"open","ping_status":"closed","sticky":false,"template":"","format":"standard","meta":{"footnotes":""},"categories":[447],"tags":[],"class_list":["post-10617","post","type-post","status-publish","format-standard","has-post-thumbnail","hentry","category-anti-terrorisme"],"_links":{"self":[{"href":"https:\/\/letempsmag.ma\/index.php?rest_route=\/wp\/v2\/posts\/10617","targetHints":{"allow":["GET"]}}],"collection":[{"href":"https:\/\/letempsmag.ma\/index.php?rest_route=\/wp\/v2\/posts"}],"about":[{"href":"https:\/\/letempsmag.ma\/index.php?rest_route=\/wp\/v2\/types\/post"}],"author":[{"embeddable":true,"href":"https:\/\/letempsmag.ma\/index.php?rest_route=\/wp\/v2\/users\/9"}],"replies":[{"embeddable":true,"href":"https:\/\/letempsmag.ma\/index.php?rest_route=%2Fwp%2Fv2%2Fcomments&post=10617"}],"version-history":[{"count":1,"href":"https:\/\/letempsmag.ma\/index.php?rest_route=\/wp\/v2\/posts\/10617\/revisions"}],"predecessor-version":[{"id":10619,"href":"https:\/\/letempsmag.ma\/index.php?rest_route=\/wp\/v2\/posts\/10617\/revisions\/10619"}],"wp:featuredmedia":[{"embeddable":true,"href":"https:\/\/letempsmag.ma\/index.php?rest_route=\/wp\/v2\/media\/10618"}],"wp:attachment":[{"href":"https:\/\/letempsmag.ma\/index.php?rest_route=%2Fwp%2Fv2%2Fmedia&parent=10617"}],"wp:term":[{"taxonomy":"category","embeddable":true,"href":"https:\/\/letempsmag.ma\/index.php?rest_route=%2Fwp%2Fv2%2Fcategories&post=10617"},{"taxonomy":"post_tag","embeddable":true,"href":"https:\/\/letempsmag.ma\/index.php?rest_route=%2Fwp%2Fv2%2Ftags&post=10617"}],"curies":[{"name":"wp","href":"https:\/\/api.w.org\/{rel}","templated":true}]}}