{"id":10590,"date":"2021-12-03T10:07:12","date_gmt":"2021-12-03T09:07:12","guid":{"rendered":"https:\/\/letempsmag.ma\/?p=10590"},"modified":"2021-12-03T10:07:13","modified_gmt":"2021-12-03T09:07:13","slug":"travailleurs-non-salaries-voila-ce-que-la-cnss-prevoit-desormais-pour-vous","status":"publish","type":"post","link":"https:\/\/letempsmag.ma\/?p=10590","title":{"rendered":"Travailleurs non salari\u00e9s, voil\u00e0 ce que la CNSS pr\u00e9voit d\u00e9sormais pour vous"},"content":{"rendered":"\n<p>La Caisse Nationale de S\u00e9curit\u00e9 Sociale porte \u00e0 la connaissance de l&#8217;ensemble des travailleurs non salari\u00e9s concern\u00e9s par les d\u00e9crets r\u00e9cemment adopt\u00e9s par le Conseil du gouvernement, qu&#8217;ils sont d\u00e9sormais assujettis au r\u00e9gime de l&#8217;Assurance Maladie Obligatoire (AMO). La liste des cat\u00e9gories socioprofessionnelles concern\u00e9es, ainsi que les dates d\u2019exigibilit\u00e9s des cotisations et de d\u00e9but du b\u00e9n\u00e9fice de l\u2019AMO, ont \u00e9t\u00e9 d\u00e9taill\u00e9es dans un communiqu\u00e9 diffus\u00e9 par la CNSS aux m\u00e9dias.<\/p>\n\n\n\n<p>Trois compartiments ont \u00e9t\u00e9 pr\u00e9vus en termes de calendrier&nbsp;:<\/p>\n\n\n\n<p>&#8211; Exigibilit\u00e9 des cotisations en d\u00e9cembre 2021 et d\u00e9but du b\u00e9n\u00e9fice de l\u2019AMO au 1<sup>er<\/sup> janvier 2022 pour les personnes assujetties \u00e0 la contribution professionnelle unique, les commer\u00e7ants et artisans tenant une comptabilit\u00e9, les m\u00e9decins, les pharmaciens, les dentistes, les notaires, les sages femmes et les kin\u00e9sith\u00e9rapeutes.<\/p>\n\n\n\n<p>&#8211; Exigibilit\u00e9 des cotisations en janvier 2022 et d\u00e9but du b\u00e9n\u00e9fice de l\u2019AMO 1<sup>er<\/sup> f\u00e9vrier 2022 pour les audioproth\u00e9sistes, les orthoptistes, les orthophonistes, les psychomotriciens, les podologues, les proth\u00e9sistes dentaires, les di\u00e9t\u00e9ticiens et les psychologues.<\/p>\n\n\n\n<p>&#8211; Exigibilit\u00e9 des cotisations en f\u00e9vrier 2022 et d\u00e9but du b\u00e9n\u00e9fice de l\u2019AMO au 1<sup>er<\/sup> mars 2022 pour les auto-entrepreneurs.<\/p>\n\n\n\n<p>Il est \u00e0 signaler que la CNSS a proc\u00e9d\u00e9, sur la base des informations et donn\u00e9es re\u00e7ues de la part des organismes de liaison, \u00e0 l&#8217;immatriculation des personnes appartenant aux cat\u00e9gories pr\u00e9cit\u00e9es. Ainsi, toute personne, appartenant \u00e0 l\u2019une des cat\u00e9gories figurant sur ce tableau, est invit\u00e9e \u00e0 compl\u00e9ter depuis le 1<sup>er<\/sup> d\u00e9cembre courant son immatriculation \u00e0 travers les diff\u00e9rents canaux mis \u00e0 disposition&nbsp;:<\/p>\n\n\n\n<p>&#8211; Espace public du portail \u00ab<a href=\"http:\/\/www.macnss.ma\">www.macnss.ma<\/a>\u00bb.<\/p>\n\n\n\n<p>&#8211; Serveur vocal interactif (08.00.09.01.00 ou 05.20.44.71.00) ou Centre d\u2019Appel (05.20.19.40.40).<\/p>\n\n\n\n<p>&#8211; Bureaux de proximit\u00e9 agr\u00e9\u00e9s ou agences de la CNSS.<\/p>\n\n\n\n<p>Apr\u00e8s finalisation du processus d&#8217;immatriculation, les assur\u00e9s recevront leur num\u00e9ro d\u2019immatriculation ainsi que le mode de passe pour acc\u00e9der \u00e0 leur espace priv\u00e9 sur le portail \u00ab<a href=\"http:\/\/www.macnss.ma\">www.macnss.ma<\/a>\u00bb en vue de t\u00e9l\u00e9charger l&#8217;attestation d&#8217;immatriculation et proc\u00e9der \u00e0 la d\u00e9claration des membres de leur famille.<\/p>\n\n\n\n<p>Pour conna\u00eetre les d\u00e9marches \u00e0 suivre pour l&#8217;immatriculation, la CNSS a mis \u00e0 leur disposition une vid\u00e9o didactique consultable sur le site web de la CNSS \u00ab<a href=\"http:\/\/www.cnss.ma\">www.cnss.ma<\/a>\u00bb et sur ses pages officielles sur les r\u00e9seaux sociaux.<\/p>\n\n\n\n<p><strong>Source&nbsp;: CNSS.<\/strong><\/p>\n","protected":false},"excerpt":{"rendered":"<p>La Caisse Nationale de S\u00e9curit\u00e9 Sociale porte \u00e0 la connaissance de l&#8217;ensemble des travailleurs non salari\u00e9s concern\u00e9s par les d\u00e9crets r\u00e9cemment adopt\u00e9s par le Conseil du gouvernement, qu&#8217;ils sont d\u00e9sormais assujettis au r\u00e9gime de l&#8217;Assurance Maladie Obligatoire (AMO). La liste des cat\u00e9gories socioprofessionnelles concern\u00e9es, ainsi que les dates d\u2019exigibilit\u00e9s des cotisations et de d\u00e9but du &hellip;<\/p>\n","protected":false},"author":9,"featured_media":10591,"comment_status":"open","ping_status":"closed","sticky":false,"template":"","format":"standard","meta":{"footnotes":""},"categories":[141],"tags":[],"class_list":["post-10590","post","type-post","status-publish","format-standard","has-post-thumbnail","hentry","category-protection-sociale"],"_links":{"self":[{"href":"https:\/\/letempsmag.ma\/index.php?rest_route=\/wp\/v2\/posts\/10590","targetHints":{"allow":["GET"]}}],"collection":[{"href":"https:\/\/letempsmag.ma\/index.php?rest_route=\/wp\/v2\/posts"}],"about":[{"href":"https:\/\/letempsmag.ma\/index.php?rest_route=\/wp\/v2\/types\/post"}],"author":[{"embeddable":true,"href":"https:\/\/letempsmag.ma\/index.php?rest_route=\/wp\/v2\/users\/9"}],"replies":[{"embeddable":true,"href":"https:\/\/letempsmag.ma\/index.php?rest_route=%2Fwp%2Fv2%2Fcomments&post=10590"}],"version-history":[{"count":1,"href":"https:\/\/letempsmag.ma\/index.php?rest_route=\/wp\/v2\/posts\/10590\/revisions"}],"predecessor-version":[{"id":10592,"href":"https:\/\/letempsmag.ma\/index.php?rest_route=\/wp\/v2\/posts\/10590\/revisions\/10592"}],"wp:featuredmedia":[{"embeddable":true,"href":"https:\/\/letempsmag.ma\/index.php?rest_route=\/wp\/v2\/media\/10591"}],"wp:attachment":[{"href":"https:\/\/letempsmag.ma\/index.php?rest_route=%2Fwp%2Fv2%2Fmedia&parent=10590"}],"wp:term":[{"taxonomy":"category","embeddable":true,"href":"https:\/\/letempsmag.ma\/index.php?rest_route=%2Fwp%2Fv2%2Fcategories&post=10590"},{"taxonomy":"post_tag","embeddable":true,"href":"https:\/\/letempsmag.ma\/index.php?rest_route=%2Fwp%2Fv2%2Ftags&post=10590"}],"curies":[{"name":"wp","href":"https:\/\/api.w.org\/{rel}","templated":true}]}}