{"id":10586,"date":"2021-12-03T10:06:34","date_gmt":"2021-12-03T09:06:34","guid":{"rendered":"https:\/\/letempsmag.ma\/?p=10586"},"modified":"2021-12-03T10:06:35","modified_gmt":"2021-12-03T09:06:35","slug":"nouveau-coup-dur-pour-le-tourisme-au-maroc-en-cette-fin-dannee","status":"publish","type":"post","link":"https:\/\/letempsmag.ma\/?p=10586","title":{"rendered":"Nouveau coup dur pour le tourisme au Maroc en cette fin d\u2019ann\u00e9e !"},"content":{"rendered":"\n<p>Depuis lundi dernier 29 novembre \u00e0 23h59, le Maroc a suspendu tous les vols commerciaux pendant quinze jours, bien que les indicateurs sanitaires soient au vert et ceux du tourisme au rouge&nbsp;! Selon Mohamed Semlali, Pr\u00e9sident de la F\u00e9d\u00e9ration Nationale des Agences de Voyage du Maroc (FNAVM), la suspension des lignes a\u00e9riennes et maritimes impos\u00e9e par les autorit\u00e9s pour lutter contre le variant \u00abOmicron\u00bb pourrait constituer \u00abun coup fatal au secteur\u00bb. Les fronti\u00e8res resteront ferm\u00e9es au minimum deux semaines, privant le Maroc des touristes attendus pour les f\u00eates de fin d&#8217;ann\u00e9e. Le mois de d\u00e9cembre devait en principe permettre de redresser la barre pour amortir la fin de 2021&nbsp;!<\/p>\n\n\n\n<p>\u00abToutes les r\u00e9servations ont \u00e9t\u00e9 annul\u00e9es et la plupart des h\u00f4tels devront fermer, sachant que la moiti\u00e9 d&#8217;entre eux le sont depuis le d\u00e9but de la pand\u00e9mie en mars 2020\u00bb, d\u00e9plore Lahcen Zelmat, Pr\u00e9sident de la F\u00e9d\u00e9ration Nationale de l&#8217;Industrie H\u00f4teli\u00e8re (FNIH).<\/p>\n\n\n\n<p>Pour sa part, la Pr\u00e9sidente du Conseil R\u00e9gional du Tourisme (CRT) de Tanger-T\u00e9touan-Al Hoceima, Rkia Alaoui, souligne que \u00able tourisme national est aujourd&#8217;hui sous-perfusion et la derni\u00e8re d\u00e9cision des autorit\u00e9s (NDLR&nbsp;: fermeture des fronti\u00e8res a\u00e9riennes et maritimes) est venue lui porter un nouveau coup dur\u00bb, ajoutant que \u00abla situation est encore plus sombre dans la r\u00e9gion du Nord qui souffre d\u00e9j\u00e0 d&#8217;un handicap majeur, \u00e0 savoir la saisonnalit\u00e9\u00bb.<\/p>\n\n\n\n<p>Dans ce contexte morose, la Ministre du Tourisme, de l\u2019Artisanat et de l\u2019\u00c9conomie sociale, Fatima-Zahra Ammor, a annonc\u00e9 lors de l\u2019ouverture des \u00abSouss-Massa Days\u00bb, devant les op\u00e9rateurs pr\u00e9sents \u00e0 cet \u00e9v\u00e9nement, que le gouvernement reconduira les aides sociales en faveur du secteur touristique, notamment l\u2019indemnit\u00e9 forfaitaire, suspendue depuis le 1<sup>er<\/sup> juin 2021.<\/p>\n\n\n\n<p><strong>L. F.<\/strong><\/p>\n","protected":false},"excerpt":{"rendered":"<p>Depuis lundi dernier 29 novembre \u00e0 23h59, le Maroc a suspendu tous les vols commerciaux pendant quinze jours, bien que les indicateurs sanitaires soient au vert et ceux du tourisme au rouge&nbsp;! Selon Mohamed Semlali, Pr\u00e9sident de la F\u00e9d\u00e9ration Nationale des Agences de Voyage du Maroc (FNAVM), la suspension des lignes a\u00e9riennes et maritimes impos\u00e9e &hellip;<\/p>\n","protected":false},"author":9,"featured_media":10588,"comment_status":"open","ping_status":"closed","sticky":false,"template":"","format":"standard","meta":{"footnotes":""},"categories":[465],"tags":[],"class_list":["post-10586","post","type-post","status-publish","format-standard","has-post-thumbnail","hentry","category-restrictions-sanitaires"],"_links":{"self":[{"href":"https:\/\/letempsmag.ma\/index.php?rest_route=\/wp\/v2\/posts\/10586","targetHints":{"allow":["GET"]}}],"collection":[{"href":"https:\/\/letempsmag.ma\/index.php?rest_route=\/wp\/v2\/posts"}],"about":[{"href":"https:\/\/letempsmag.ma\/index.php?rest_route=\/wp\/v2\/types\/post"}],"author":[{"embeddable":true,"href":"https:\/\/letempsmag.ma\/index.php?rest_route=\/wp\/v2\/users\/9"}],"replies":[{"embeddable":true,"href":"https:\/\/letempsmag.ma\/index.php?rest_route=%2Fwp%2Fv2%2Fcomments&post=10586"}],"version-history":[{"count":1,"href":"https:\/\/letempsmag.ma\/index.php?rest_route=\/wp\/v2\/posts\/10586\/revisions"}],"predecessor-version":[{"id":10589,"href":"https:\/\/letempsmag.ma\/index.php?rest_route=\/wp\/v2\/posts\/10586\/revisions\/10589"}],"wp:featuredmedia":[{"embeddable":true,"href":"https:\/\/letempsmag.ma\/index.php?rest_route=\/wp\/v2\/media\/10588"}],"wp:attachment":[{"href":"https:\/\/letempsmag.ma\/index.php?rest_route=%2Fwp%2Fv2%2Fmedia&parent=10586"}],"wp:term":[{"taxonomy":"category","embeddable":true,"href":"https:\/\/letempsmag.ma\/index.php?rest_route=%2Fwp%2Fv2%2Fcategories&post=10586"},{"taxonomy":"post_tag","embeddable":true,"href":"https:\/\/letempsmag.ma\/index.php?rest_route=%2Fwp%2Fv2%2Ftags&post=10586"}],"curies":[{"name":"wp","href":"https:\/\/api.w.org\/{rel}","templated":true}]}}