{"id":10571,"date":"2021-12-03T10:01:51","date_gmt":"2021-12-03T09:01:51","guid":{"rendered":"https:\/\/letempsmag.ma\/?p=10571"},"modified":"2021-12-03T10:01:53","modified_gmt":"2021-12-03T09:01:53","slug":"stimuler-la-creativite-artisanale-des-detenus-et-preparer-leur-reinsertion","status":"publish","type":"post","link":"https:\/\/letempsmag.ma\/?p=10571","title":{"rendered":"Stimuler la cr\u00e9ativit\u00e9 artisanale des d\u00e9tenus et pr\u00e9parer leur r\u00e9insertion"},"content":{"rendered":"\n<p>La D\u00e9l\u00e9gation G\u00e9n\u00e9rale \u00e0 l&#8217;Administration P\u00e9nitentiaire et \u00e0 la R\u00e9insertion (DGAPR), avec le soutien du Programme des Nations Unies pour le D\u00e9veloppement (PNUD), organise la 3<sup>\u00e8me<\/sup> \u00e9dition de la comp\u00e9tition nationale d\u2019artisanat en milieu carc\u00e9ral qui s\u2019\u00e9talera jusqu\u2019au 8 d\u00e9cembre courant, avec la participation de tous les centres p\u00e9nitentiaires du Royaume. Convaincue de l\u2019importance de l\u2019art en tant que vecteur d\u2019expression et de communication, la DGAPR porte un int\u00e9r\u00eat particulier \u00e0 cet outil et veille \u00e0 d\u00e9velopper en permanence les capacit\u00e9s des d\u00e9tenus et leur \u00e9panouissement en vue de faciliter leur r\u00e9insertion apr\u00e8s la lib\u00e9ration.<\/p>\n\n\n\n<p>Cette comp\u00e9tition en faveur de l\u2019\u00e9panouissement des d\u00e9tenus vise \u00e0 offrir un espace de libert\u00e9 et une ouverture vers le monde ext\u00e9rieur permettant aux d\u00e9tenus de s&#8217;exprimer et de mettre en valeur leurs efforts et leurs comp\u00e9tences au niveau des diff\u00e9rents ateliers d\u2019artisanat existants dans plusieurs \u00e9tablissements p\u00e9nitentiaires du pays. En outre, la comp\u00e9tition est aussi un \u00e9v\u00e9nement pour d\u00e9couvrir la richesse artisanale des produits des d\u00e9tenus, en cr\u00e9ant une passerelle entre ces d\u00e9tenus artistes et le monde ext\u00e9rieur.<\/p>\n\n\n\n<p>Dans cet objectif, et pour garantir les meilleures conditions du travail, la DGAPR met \u00e0 la disposition des d\u00e9tenus les mati\u00e8res premi\u00e8res ainsi que des ateliers \u00e9quip\u00e9s afin de lib\u00e9rer leurs talents dans les diff\u00e9rentes cat\u00e9gories de l\u2019artisanat.<\/p>\n\n\n\n<p>Dans la continuit\u00e9 de cette action solidaire et sociale, le public est ainsi jusqu\u2019au 8 d\u00e9cembre courant \u00e0 voter pour \u00able meilleur produit artisanal\u00bb via le lien <a href=\"http:\/\/www.competitionartisanat.ma\/\">\u00abwww.competitionartisanat.ma<\/a>\u00bb. \u00c0 l\u2019issue des votes, les meilleurs artisans recevront des Prix qui repr\u00e9senteront un pas vers une meilleure insertion, \u00e0 l&#8217;occasion de la c\u00e9l\u00e9bration de la Journ\u00e9e Nationale du D\u00e9tenu, qui sera organis\u00e9e le 15 d\u00e9cembre prochain.<\/p>\n","protected":false},"excerpt":{"rendered":"<p>La D\u00e9l\u00e9gation G\u00e9n\u00e9rale \u00e0 l&#8217;Administration P\u00e9nitentiaire et \u00e0 la R\u00e9insertion (DGAPR), avec le soutien du Programme des Nations Unies pour le D\u00e9veloppement (PNUD), organise la 3\u00e8me \u00e9dition de la comp\u00e9tition nationale d\u2019artisanat en milieu carc\u00e9ral qui s\u2019\u00e9talera jusqu\u2019au 8 d\u00e9cembre courant, avec la participation de tous les centres p\u00e9nitentiaires du Royaume. Convaincue de l\u2019importance de &hellip;<\/p>\n","protected":false},"author":9,"featured_media":10572,"comment_status":"open","ping_status":"closed","sticky":false,"template":"","format":"standard","meta":{"footnotes":""},"categories":[520],"tags":[],"class_list":["post-10571","post","type-post","status-publish","format-standard","has-post-thumbnail","hentry","category-milieu-carceral"],"_links":{"self":[{"href":"https:\/\/letempsmag.ma\/index.php?rest_route=\/wp\/v2\/posts\/10571","targetHints":{"allow":["GET"]}}],"collection":[{"href":"https:\/\/letempsmag.ma\/index.php?rest_route=\/wp\/v2\/posts"}],"about":[{"href":"https:\/\/letempsmag.ma\/index.php?rest_route=\/wp\/v2\/types\/post"}],"author":[{"embeddable":true,"href":"https:\/\/letempsmag.ma\/index.php?rest_route=\/wp\/v2\/users\/9"}],"replies":[{"embeddable":true,"href":"https:\/\/letempsmag.ma\/index.php?rest_route=%2Fwp%2Fv2%2Fcomments&post=10571"}],"version-history":[{"count":1,"href":"https:\/\/letempsmag.ma\/index.php?rest_route=\/wp\/v2\/posts\/10571\/revisions"}],"predecessor-version":[{"id":10573,"href":"https:\/\/letempsmag.ma\/index.php?rest_route=\/wp\/v2\/posts\/10571\/revisions\/10573"}],"wp:featuredmedia":[{"embeddable":true,"href":"https:\/\/letempsmag.ma\/index.php?rest_route=\/wp\/v2\/media\/10572"}],"wp:attachment":[{"href":"https:\/\/letempsmag.ma\/index.php?rest_route=%2Fwp%2Fv2%2Fmedia&parent=10571"}],"wp:term":[{"taxonomy":"category","embeddable":true,"href":"https:\/\/letempsmag.ma\/index.php?rest_route=%2Fwp%2Fv2%2Fcategories&post=10571"},{"taxonomy":"post_tag","embeddable":true,"href":"https:\/\/letempsmag.ma\/index.php?rest_route=%2Fwp%2Fv2%2Ftags&post=10571"}],"curies":[{"name":"wp","href":"https:\/\/api.w.org\/{rel}","templated":true}]}}