{"id":10430,"date":"2021-12-01T10:15:00","date_gmt":"2021-12-01T09:15:00","guid":{"rendered":"https:\/\/letempsmag.ma\/?p=10430"},"modified":"2021-12-01T10:15:02","modified_gmt":"2021-12-01T09:15:02","slug":"bayer-maroc-honore-les-associations-engagees-dans-le-combat-contre-la-pandemie","status":"publish","type":"post","link":"https:\/\/letempsmag.ma\/?p=10430","title":{"rendered":"Bayer Maroc honore les Associations engag\u00e9es dans le combat contre la pand\u00e9mie"},"content":{"rendered":"\n<p>Dans le cadre du d\u00e9ploiement de sa strat\u00e9gie d\u2019innovation sociale, le groupe agro-pharmaceutique allemand Bayer a organis\u00e9 hier \u00e0 Casablanca une belle c\u00e9r\u00e9monie de cons\u00e9cration d\u00e9di\u00e9e aux Associations et ONG partenaires, en guise de reconnaissance de leurs efforts d\u00e9ploy\u00e9s en ce contexte de la crise sanitaire \u00abCovid-19\u00bb.<\/p>\n\n\n\n<p>Install\u00e9 au Maroc depuis 1960, le groupe s\u2019est mobilis\u00e9 en partenariat avec une quinzaine d\u2019Associations et de Fondations bas\u00e9es en Afrique du Nord, Centrale et de l\u2019Ouest, pour accompagner les populations fragiles durant la p\u00e9riode de la crise sanitaire. \u00abAujourd\u2019hui, nous consacrons notre \u00e9nergie \u00e0 concr\u00e9tiser notre vision \u00abHealth For All, Hunger For None\u00bb gr\u00e2ce aux innovations scientifiques, digitales et sociales d\u00e9di\u00e9es \u00e0 l\u2019agriculture et \u00e0 la sant\u00e9 humaine. Nous pensons que la science et l\u2019innovation seront essentielles pour l\u2019avenir, tout comme elles l\u2019ont \u00e9t\u00e9 pour Bayer depuis plus de 160 ans\u00bb, d\u00e9clare Jean Baptiste Boulay, Pr\u00e9sident de Bayer Afrique du Nord.<\/p>\n\n\n\n<p>La c\u00e9r\u00e9monie de cons\u00e9cration, haute en couleurs, a permis aux diff\u00e9rentes Associations partenaires du groupe de pr\u00e9senter leurs diff\u00e9rentes activit\u00e9s de mani\u00e8re g\u00e9n\u00e9rale et particuli\u00e8rement celles men\u00e9es conjointement avec le groupe Bayer dans le contexte de la crise sanitaire. Plusieurs Associations ont pris part \u00e0 cette c\u00e9r\u00e9monie, notamment la Fondation des Cultures du Monde, Nagham, SOS Village d\u2019Enfants C\u00f4te d\u2019Ivoire, SOS Village d\u2019Enfants Maroc, SOS Village d\u2019Enfants Tunisie, SOS Village d\u2019Enfants C\u00f4te d\u2019Ivoire, la Fondation du Sud, l\u2019Association de Solidarit\u00e9 avec le Milieu Rural, UNDP Maghreb et TIBU Maroc. Certaines de ces ONG ont pr\u00e9sent\u00e9 une synth\u00e8se des actions men\u00e9es depuis leur cr\u00e9ation, leurs champs d\u2019intervention ainsi que les impacts positifs sociaux des communaut\u00e9s b\u00e9n\u00e9ficiaires des diff\u00e9rents programmes de chacune d\u2019elle en partenariat avec le groupe Bayer.<\/p>\n\n\n\n<p>10 partenaires associatifs en Afrique du Nord ont \u00e9t\u00e9 gratifi\u00e9s par une remise de troph\u00e9es et 15 Associations et ONG africaines ont b\u00e9n\u00e9fici\u00e9 des dons. Un budget de 360.000 Euros a \u00e9t\u00e9 consenti par le groupe Bayer, depuis mars 2021, en Afrique du Nord, Centrale et de l\u2019Ouest. L\u2019ann\u00e9e derni\u00e8re, Bayer Maroc s\u2019est engag\u00e9 d\u00e8s le d\u00e9but de la crise sanitaire \u00e0 hauteur de 3,6 millions de DH \u00e0 travers des dons en argent et en m\u00e9dicaments.<\/p>\n\n\n\n<p><strong>M. E.<\/strong><\/p>\n","protected":false},"excerpt":{"rendered":"<p>Dans le cadre du d\u00e9ploiement de sa strat\u00e9gie d\u2019innovation sociale, le groupe agro-pharmaceutique allemand Bayer a organis\u00e9 hier \u00e0 Casablanca une belle c\u00e9r\u00e9monie de cons\u00e9cration d\u00e9di\u00e9e aux Associations et ONG partenaires, en guise de reconnaissance de leurs efforts d\u00e9ploy\u00e9s en ce contexte de la crise sanitaire \u00abCovid-19\u00bb. Install\u00e9 au Maroc depuis 1960, le groupe s\u2019est &hellip;<\/p>\n","protected":false},"author":9,"featured_media":10431,"comment_status":"open","ping_status":"closed","sticky":false,"template":"","format":"standard","meta":{"footnotes":""},"categories":[40],"tags":[],"class_list":["post-10430","post","type-post","status-publish","format-standard","has-post-thumbnail","hentry","category-social"],"_links":{"self":[{"href":"https:\/\/letempsmag.ma\/index.php?rest_route=\/wp\/v2\/posts\/10430","targetHints":{"allow":["GET"]}}],"collection":[{"href":"https:\/\/letempsmag.ma\/index.php?rest_route=\/wp\/v2\/posts"}],"about":[{"href":"https:\/\/letempsmag.ma\/index.php?rest_route=\/wp\/v2\/types\/post"}],"author":[{"embeddable":true,"href":"https:\/\/letempsmag.ma\/index.php?rest_route=\/wp\/v2\/users\/9"}],"replies":[{"embeddable":true,"href":"https:\/\/letempsmag.ma\/index.php?rest_route=%2Fwp%2Fv2%2Fcomments&post=10430"}],"version-history":[{"count":1,"href":"https:\/\/letempsmag.ma\/index.php?rest_route=\/wp\/v2\/posts\/10430\/revisions"}],"predecessor-version":[{"id":10432,"href":"https:\/\/letempsmag.ma\/index.php?rest_route=\/wp\/v2\/posts\/10430\/revisions\/10432"}],"wp:featuredmedia":[{"embeddable":true,"href":"https:\/\/letempsmag.ma\/index.php?rest_route=\/wp\/v2\/media\/10431"}],"wp:attachment":[{"href":"https:\/\/letempsmag.ma\/index.php?rest_route=%2Fwp%2Fv2%2Fmedia&parent=10430"}],"wp:term":[{"taxonomy":"category","embeddable":true,"href":"https:\/\/letempsmag.ma\/index.php?rest_route=%2Fwp%2Fv2%2Fcategories&post=10430"},{"taxonomy":"post_tag","embeddable":true,"href":"https:\/\/letempsmag.ma\/index.php?rest_route=%2Fwp%2Fv2%2Ftags&post=10430"}],"curies":[{"name":"wp","href":"https:\/\/api.w.org\/{rel}","templated":true}]}}