{"id":10372,"date":"2021-11-26T10:52:33","date_gmt":"2021-11-26T09:52:33","guid":{"rendered":"https:\/\/letempsmag.ma\/?p=10372"},"modified":"2021-11-26T10:52:34","modified_gmt":"2021-11-26T09:52:34","slug":"le-maroc-suspend-le-trafic-aerien-avec-la-france","status":"publish","type":"post","link":"https:\/\/letempsmag.ma\/?p=10372","title":{"rendered":"Le Maroc suspend le trafic a\u00e9rien avec la France"},"content":{"rendered":"\n<p>Le Comit\u00e9 interminist\u00e9riel de coordination et de suivi du dispositif r\u00e9gissant les voyages internationaux pendant la pand\u00e9mie, a annonc\u00e9 hier jeudi la suspension, par les autorit\u00e9s nationales des vols r\u00e9guliers de passagers \u00e0 destination et en provenance de la France. L\u2019information a \u00e9t\u00e9 annonc\u00e9e, dans un premier communiqu\u00e9, pour une entr\u00e9e en vigueur \u00e0 partir d\u2019aujourd\u2019hui vendredi 26 novembre \u00e0 23h59. Ensuite, un autre communiqu\u00e9 a annonc\u00e9 que cette d\u00e9cision est d\u00e9cal\u00e9e au dimanche 28 novembre \u00e0 23h59. Le but&nbsp;: faciliter l\u2019op\u00e9ration de retour des citoyens marocains et des \u00e9trangers r\u00e9sidant au Maroc, pr\u00e9cise le Comit\u00e9 interminist\u00e9riel. La dur\u00e9e de cette suspension des vols n&#8217;a pas \u00e9t\u00e9 pr\u00e9cis\u00e9e.<\/p>\n\n\n\n<p>L&#8217;annonce \u00abintervient afin de pr\u00e9server les acquis du Maroc en mati\u00e8re de gestion de la pand\u00e9mie du \u00abCovid-19\u00bb et faire face \u00e0 la d\u00e9gradation de la situation sanitaire dans certains pays du voisinage europ\u00e9en\u00bb, souligne le Comit\u00e9 interminist\u00e9riel.<\/p>\n\n\n\n<p>Rappelons qu\u2019il y a pr\u00e8s de deux semaines, le Royaume a renforc\u00e9 les contr\u00f4les \u00e0 ses fronti\u00e8res en raison de la hausse des cas de contaminations du \u00abCovid-19\u00bb en Europe. Si au Maroc la situation \u00e9pid\u00e9miologique est en am\u00e9lioration constante, ce qui a permis la lev\u00e9e d\u00e9but novembre du couvre-feu nocturne national en vigueur depuis plusieurs des mois, l&#8217;Europe est redevenue, cet automne, l&#8217;\u00e9picentre mondial de la pand\u00e9mie&nbsp;! La France est, de loin, le premier partenaire \u00e9conomique du Maroc. Les liens culturels et humains sont \u00e9galement \u00e9troits&nbsp;: plus de 1,3 million de Marocains vivent en France et pr\u00e8s de 80.000 Fran\u00e7ais sont install\u00e9s au Maroc. Cette nouvelle restriction dans les vols impactera les d\u00e9placements entre les deux pays pour une dur\u00e9e ind\u00e9termin\u00e9e.<\/p>\n\n\n\n<p><strong>L. F.<\/strong><\/p>\n","protected":false},"excerpt":{"rendered":"<p>Le Comit\u00e9 interminist\u00e9riel de coordination et de suivi du dispositif r\u00e9gissant les voyages internationaux pendant la pand\u00e9mie, a annonc\u00e9 hier jeudi la suspension, par les autorit\u00e9s nationales des vols r\u00e9guliers de passagers \u00e0 destination et en provenance de la France. L\u2019information a \u00e9t\u00e9 annonc\u00e9e, dans un premier communiqu\u00e9, pour une entr\u00e9e en vigueur \u00e0 partir &hellip;<\/p>\n","protected":false},"author":9,"featured_media":10373,"comment_status":"open","ping_status":"closed","sticky":false,"template":"","format":"standard","meta":{"footnotes":""},"categories":[377],"tags":[],"class_list":["post-10372","post","type-post","status-publish","format-standard","has-post-thumbnail","hentry","category-covid-19-2"],"_links":{"self":[{"href":"https:\/\/letempsmag.ma\/index.php?rest_route=\/wp\/v2\/posts\/10372","targetHints":{"allow":["GET"]}}],"collection":[{"href":"https:\/\/letempsmag.ma\/index.php?rest_route=\/wp\/v2\/posts"}],"about":[{"href":"https:\/\/letempsmag.ma\/index.php?rest_route=\/wp\/v2\/types\/post"}],"author":[{"embeddable":true,"href":"https:\/\/letempsmag.ma\/index.php?rest_route=\/wp\/v2\/users\/9"}],"replies":[{"embeddable":true,"href":"https:\/\/letempsmag.ma\/index.php?rest_route=%2Fwp%2Fv2%2Fcomments&post=10372"}],"version-history":[{"count":1,"href":"https:\/\/letempsmag.ma\/index.php?rest_route=\/wp\/v2\/posts\/10372\/revisions"}],"predecessor-version":[{"id":10374,"href":"https:\/\/letempsmag.ma\/index.php?rest_route=\/wp\/v2\/posts\/10372\/revisions\/10374"}],"wp:featuredmedia":[{"embeddable":true,"href":"https:\/\/letempsmag.ma\/index.php?rest_route=\/wp\/v2\/media\/10373"}],"wp:attachment":[{"href":"https:\/\/letempsmag.ma\/index.php?rest_route=%2Fwp%2Fv2%2Fmedia&parent=10372"}],"wp:term":[{"taxonomy":"category","embeddable":true,"href":"https:\/\/letempsmag.ma\/index.php?rest_route=%2Fwp%2Fv2%2Fcategories&post=10372"},{"taxonomy":"post_tag","embeddable":true,"href":"https:\/\/letempsmag.ma\/index.php?rest_route=%2Fwp%2Fv2%2Ftags&post=10372"}],"curies":[{"name":"wp","href":"https:\/\/api.w.org\/{rel}","templated":true}]}}