{"id":1031,"date":"2021-03-14T20:22:31","date_gmt":"2021-03-14T20:22:31","guid":{"rendered":"https:\/\/letempsmag.net\/?p=1031"},"modified":"2021-03-15T07:40:47","modified_gmt":"2021-03-15T07:40:47","slug":"dans-la-foulee-du-8-mars-le-capital-feminin-se-mobilise-au-sofitel-marrakech","status":"publish","type":"post","link":"https:\/\/letempsmag.ma\/?p=1031","title":{"rendered":"DANS LA FOUL\u00c9E DU 8 MARS \/ Le capital f\u00e9minin se mobilise au Sofitel Marrakech"},"content":{"rendered":"\n<p>Dans le cadre de la Journ\u00e9e Internationale de la Femme, c\u00e9l\u00e9br\u00e9e le 8 mars dernier, le capital f\u00e9minin du Sofitel Marrakech (groupe Accor Maroc) a \u00e9t\u00e9 au centre de toutes les attentions et derri\u00e8re toutes les initiatives qui ont marqu\u00e9 cette c\u00e9l\u00e9bration annuelle. Les femmes cadres du c\u00e9l\u00e8bre palace ont \u00e9t\u00e9 de tous les combats men\u00e9s par ce prestigieux \u00e9tablissement depuis le d\u00e9but de la pand\u00e9mie en mars 2020. Elles ont, en effet, donn\u00e9 un remarquable exemple de mobilisation, d\u2019engagement citoyen et de volont\u00e9 motrice au service d\u2019un objectif majeur&nbsp;: assurer la continuit\u00e9 et la p\u00e9rennit\u00e9 de cet \u00e9tablissement embl\u00e9matique non seulement \u00e0 Marrakech mais au Maroc et \u00e0 l\u2019international \u00e9galement, compte tenu de la notori\u00e9t\u00e9 du Sofitel Marrakech aupr\u00e8s de la client\u00e8le internationale et des grands TO mondiaux.<\/p>\n\n\n\n<p>Et pour faire bonne mesure, l\u2019\u00e9tablissement a invit\u00e9 tout un groupe de femmes artistes marocaines, com\u00e9diennes de th\u00e9\u00e2tre et actrices de cin\u00e9ma et de t\u00e9l\u00e9vision, pour un week-end d\u00e9tente. La finalit\u00e9\u00a0: honorer la Femme artiste marocaine, durement \u00e9prouv\u00e9e par la crise pand\u00e9mique depuis une ann\u00e9e\u00a0! Une belle initiative citoyenne entreprise par Ahmed Benkirane, Directeur G\u00e9n\u00e9ral de l\u2019h\u00f4tel, qui n\u2019a pas cach\u00e9 son \u00e9motion face \u00e0 ces dames bien connues du petit et du grand \u00e9cran au Maroc. Il a \u00e9t\u00e9 \u00e9paul\u00e9 dans la r\u00e9ussite de cette op\u00e9ration par tout son staff, et en particulier les femmes cadres, mont\u00e9es en premi\u00e8re ligne \u00e0 l\u2019occasion du 8 Mars. Sur la photo, de gauche \u00e0 droite\u00a0: Hind El Attar, Directrice Revenus; Nezha Filali, Directrice Commerciale; Ikram Jarid, Directrice Exploitation; Amira Mawlou, Responsable de la Communication; et Salwa Zaki, Responsable Exp\u00e9rience Client.<\/p>\n\n\n\n<p><strong>M. E.<\/strong><\/p>\n","protected":false},"excerpt":{"rendered":"<p>Dans le cadre de la Journ\u00e9e Internationale de la Femme, c\u00e9l\u00e9br\u00e9e le 8 mars dernier, le capital f\u00e9minin du Sofitel Marrakech (groupe Accor Maroc) a \u00e9t\u00e9 au centre de toutes les attentions et derri\u00e8re toutes les initiatives qui ont marqu\u00e9 cette c\u00e9l\u00e9bration annuelle. Les femmes cadres du c\u00e9l\u00e8bre palace ont \u00e9t\u00e9 de tous les combats &hellip;<\/p>\n","protected":false},"author":9,"featured_media":1029,"comment_status":"open","ping_status":"closed","sticky":false,"template":"","format":"standard","meta":{"footnotes":""},"categories":[42],"tags":[],"class_list":["post-1031","post","type-post","status-publish","format-standard","has-post-thumbnail","hentry","category-resilience"],"_links":{"self":[{"href":"https:\/\/letempsmag.ma\/index.php?rest_route=\/wp\/v2\/posts\/1031","targetHints":{"allow":["GET"]}}],"collection":[{"href":"https:\/\/letempsmag.ma\/index.php?rest_route=\/wp\/v2\/posts"}],"about":[{"href":"https:\/\/letempsmag.ma\/index.php?rest_route=\/wp\/v2\/types\/post"}],"author":[{"embeddable":true,"href":"https:\/\/letempsmag.ma\/index.php?rest_route=\/wp\/v2\/users\/9"}],"replies":[{"embeddable":true,"href":"https:\/\/letempsmag.ma\/index.php?rest_route=%2Fwp%2Fv2%2Fcomments&post=1031"}],"version-history":[{"count":1,"href":"https:\/\/letempsmag.ma\/index.php?rest_route=\/wp\/v2\/posts\/1031\/revisions"}],"predecessor-version":[{"id":1033,"href":"https:\/\/letempsmag.ma\/index.php?rest_route=\/wp\/v2\/posts\/1031\/revisions\/1033"}],"wp:featuredmedia":[{"embeddable":true,"href":"https:\/\/letempsmag.ma\/index.php?rest_route=\/wp\/v2\/media\/1029"}],"wp:attachment":[{"href":"https:\/\/letempsmag.ma\/index.php?rest_route=%2Fwp%2Fv2%2Fmedia&parent=1031"}],"wp:term":[{"taxonomy":"category","embeddable":true,"href":"https:\/\/letempsmag.ma\/index.php?rest_route=%2Fwp%2Fv2%2Fcategories&post=1031"},{"taxonomy":"post_tag","embeddable":true,"href":"https:\/\/letempsmag.ma\/index.php?rest_route=%2Fwp%2Fv2%2Ftags&post=1031"}],"curies":[{"name":"wp","href":"https:\/\/api.w.org\/{rel}","templated":true}]}}