{"id":10166,"date":"2021-11-22T10:59:16","date_gmt":"2021-11-22T09:59:16","guid":{"rendered":"https:\/\/letempsmag.ma\/?p=10166"},"modified":"2021-11-22T10:59:17","modified_gmt":"2021-11-22T09:59:17","slug":"lonssa-rassure-quant-a-la-maladie-vegetale-specifique-a-la-tomate-et-au-poivron","status":"publish","type":"post","link":"https:\/\/letempsmag.ma\/?p=10166","title":{"rendered":"L&#8217;ONSSA rassure quant \u00e0 la maladie v\u00e9g\u00e9tale sp\u00e9cifique \u00e0 la tomate et au poivron"},"content":{"rendered":"\n<p>Dans le cadre de ses attributions relatives \u00e0 la protection de la sant\u00e9 du consommateur et \u00e0 la pr\u00e9servation de la sant\u00e9 des animaux et des v\u00e9g\u00e9taux, les services de l&#8217;Office National de S\u00e9curit\u00e9 Sanitaire des Produits Alimentaires (ONSSA) ont d\u00e9tect\u00e9 la pr\u00e9sence d\u2019une maladie v\u00e9g\u00e9tale affectant la tomate dans certaines exploitations agricoles, fait observer l\u2019Office, qui explique que cette maladie v\u00e9g\u00e9tale, qui concerne uniquement les tomates et les poivrons, ne pr\u00e9sente aucun danger pour la sant\u00e9 humaine et animale.<\/p>\n\n\n\n<p>L\u2019ONSSA indique \u00e0 ce sujet, dans un communiqu\u00e9, que \u00abdans le cadre du programme de surveillance et du suivi phytosanitaire continu au niveau national, les services de l&#8217;Office National de S\u00e9curit\u00e9 Sanitaire des Produits Alimentaires ont d\u00e9tect\u00e9 la pr\u00e9sence d&#8217;une maladie v\u00e9g\u00e9tale affectant la tomate dans certaines exploitations agricoles. Cette maladie v\u00e9g\u00e9tale, qui concerne uniquement les tomates et les poivrons, ne pr\u00e9sente aucun danger pour la sant\u00e9 humaine et animale. De m\u00eame, la consommation de ces produits v\u00e9g\u00e9taux n\u2019a aucun impact sur la sant\u00e9 du consommateur\u00bb.<\/p>\n\n\n\n<p>La maladie v\u00e9g\u00e9tale en question est pr\u00e9sente dans plusieurs r\u00e9gions du monde depuis 2014, notamment en Europe, en Am\u00e9rique et en Asie, souligne l&#8217;Office. Aussi et afin de limiter les r\u00e9percussions de cette maladie v\u00e9g\u00e9tale, l&#8217;ONSSA s&#8217;est r\u00e9uni avec les professionnels du secteur et les a sensibilis\u00e9s \u00e0 l&#8217;importance des mesures \u00e0 respecter, notamment les mesures de bios\u00e9curit\u00e9. Dans ce cadre, l&#8217;Office a \u00e9labor\u00e9 un plan d\u2019action pr\u00e9cisant les moyens de pr\u00e9vention \u00e0 mettre en place au niveau des exploitations agricoles et des p\u00e9pini\u00e8res \u00e0 l\u2019\u00e9gard de cette maladie v\u00e9g\u00e9tale ainsi que les mesures \u00e0 appliquer en cas de confirmation de sa pr\u00e9sence.<\/p>\n\n\n\n<p>L&#8217;ONSSA pr\u00e9cise que les investigations sont en cours pour d\u00e9terminer la tra\u00e7abilit\u00e9 des semences utilis\u00e9es qui sont \u00ab\u00e0 l\u2019origine de l\u2019introduction de cette maladie v\u00e9g\u00e9tale dans les exploitations agricoles concern\u00e9es\u00bb.<\/p>\n\n\n\n<p><strong>L. F.<\/strong><\/p>\n","protected":false},"excerpt":{"rendered":"<p>Dans le cadre de ses attributions relatives \u00e0 la protection de la sant\u00e9 du consommateur et \u00e0 la pr\u00e9servation de la sant\u00e9 des animaux et des v\u00e9g\u00e9taux, les services de l&#8217;Office National de S\u00e9curit\u00e9 Sanitaire des Produits Alimentaires (ONSSA) ont d\u00e9tect\u00e9 la pr\u00e9sence d\u2019une maladie v\u00e9g\u00e9tale affectant la tomate dans certaines exploitations agricoles, fait observer &hellip;<\/p>\n","protected":false},"author":9,"featured_media":10167,"comment_status":"open","ping_status":"closed","sticky":false,"template":"","format":"standard","meta":{"footnotes":""},"categories":[483],"tags":[],"class_list":["post-10166","post","type-post","status-publish","format-standard","has-post-thumbnail","hentry","category-conso"],"_links":{"self":[{"href":"https:\/\/letempsmag.ma\/index.php?rest_route=\/wp\/v2\/posts\/10166","targetHints":{"allow":["GET"]}}],"collection":[{"href":"https:\/\/letempsmag.ma\/index.php?rest_route=\/wp\/v2\/posts"}],"about":[{"href":"https:\/\/letempsmag.ma\/index.php?rest_route=\/wp\/v2\/types\/post"}],"author":[{"embeddable":true,"href":"https:\/\/letempsmag.ma\/index.php?rest_route=\/wp\/v2\/users\/9"}],"replies":[{"embeddable":true,"href":"https:\/\/letempsmag.ma\/index.php?rest_route=%2Fwp%2Fv2%2Fcomments&post=10166"}],"version-history":[{"count":1,"href":"https:\/\/letempsmag.ma\/index.php?rest_route=\/wp\/v2\/posts\/10166\/revisions"}],"predecessor-version":[{"id":10168,"href":"https:\/\/letempsmag.ma\/index.php?rest_route=\/wp\/v2\/posts\/10166\/revisions\/10168"}],"wp:featuredmedia":[{"embeddable":true,"href":"https:\/\/letempsmag.ma\/index.php?rest_route=\/wp\/v2\/media\/10167"}],"wp:attachment":[{"href":"https:\/\/letempsmag.ma\/index.php?rest_route=%2Fwp%2Fv2%2Fmedia&parent=10166"}],"wp:term":[{"taxonomy":"category","embeddable":true,"href":"https:\/\/letempsmag.ma\/index.php?rest_route=%2Fwp%2Fv2%2Fcategories&post=10166"},{"taxonomy":"post_tag","embeddable":true,"href":"https:\/\/letempsmag.ma\/index.php?rest_route=%2Fwp%2Fv2%2Ftags&post=10166"}],"curies":[{"name":"wp","href":"https:\/\/api.w.org\/{rel}","templated":true}]}}