{"id":10119,"date":"2021-11-19T10:40:07","date_gmt":"2021-11-19T09:40:07","guid":{"rendered":"https:\/\/letempsmag.ma\/?p=10119"},"modified":"2021-11-19T10:40:08","modified_gmt":"2021-11-19T09:40:08","slug":"cheikh-mohammed-bin-rashid-al-maktoum-visite-le-pavillon-maroc","status":"publish","type":"post","link":"https:\/\/letempsmag.ma\/?p=10119","title":{"rendered":"Cheikh Mohammed Bin Rashid Al Maktoum visite le Pavillon Maroc"},"content":{"rendered":"\n<p>Son Altesse Cheikh Mohammed Bin Rashid Al Maktoum, Vice-Pr\u00e9sident de l\u2019\u00c9tat des \u00c9mirats Arabes Unis, Pr\u00e9sident du Conseil des Ministres et Gouverneur de Duba\u00ef, a visit\u00e9 hier jeudi le pavillon du Maroc \u00e0 l&#8217;Exposition Universelle \u00abExpo 2020 Duba\u00ef\u00bb. Le haut responsable a effectu\u00e9, \u00e0 cette occasion, une tourn\u00e9e dans le pavillon marocain plac\u00e9 sous le signe \u00abDes origines inspirantes vers un progr\u00e8s durable\u00bb o\u00f9 des explications lui ont \u00e9t\u00e9 fournies par le Directeur du pavillon, Jihad Chakib, sur ses diff\u00e9rentes composantes, qui refl\u00e8tent le patrimoine civilisationnel de la nation marocaine \u00e0 l\u2019histoire mill\u00e9naire. Lors de cette tourn\u00e9e, qui s\u2019est d\u00e9roul\u00e9e en pr\u00e9sence du Consul G\u00e9n\u00e9ral du Maroc \u00e0 Duba\u00ef, Khalid Bencheikh, Son Altesse Cheikh Mohammed Bin Rashid Al Maktoum a visit\u00e9 quelques-unes des 13 salles du pavillon marocain, mettant en lumi\u00e8re l&#8217;exp\u00e9rience du Royaume du Maroc dans le domaine de l&#8217;innovation et des technologies de pointe, ainsi que les derni\u00e8res avanc\u00e9es dans les domaines du d\u00e9veloppement durable et de l&#8217;environnement, en plus des sciences et des arts.<\/p>\n\n\n\n<p>Situ\u00e9 au c\u0153ur du \u00abDistrict Opportunit\u00e9s\u00bb, pr\u00e8s du pavillon des \u00c9mirats Arabes Unis et non loin d&#8217;\u00abAl Wasl Plaza\u00bb, monument central du site de l\u2019\u00abExpo 2020 Duba\u00ef\u00bb, le Pavillon Maroc constitue une plateforme de partage de la vision strat\u00e9gique du Royaume pour un avenir plus durable. En plus d&#8217;une programmation artistique, culturelle, \u00e9conomique et scientifique diversifi\u00e9e, le pavillon met l&#8217;accent sur l&#8217;engagement du Maroc en faveur de l&#8217;avenir de la plan\u00e8te Terre, la richesse d&#8217;un pays fort de ses comp\u00e9tences et la dynamique du d\u00e9veloppement dans laquelle le pays s&#8217;est engag\u00e9.<\/p>\n\n\n\n<p>\u00abL&#8217;Expo 2020 Duba\u00ef\u00bb, dont l&#8217;organisation a \u00e9t\u00e9 report\u00e9e l&#8217;ann\u00e9e derni\u00e8re en raison de la pand\u00e9mie du coronavirus, se tient sur une superficie de 4,38 kilom\u00e8tres carr\u00e9s sous le slogan \u00abConnecter les esprits, construire le futur\u00bb. Consid\u00e9r\u00e9 comme l&#8217;un des plus grands rassemblements culturels dans le monde, cet \u00e9v\u00e9nement international est per\u00e7u comme un incubateur des id\u00e9es les plus influentes, stimulant l\u2019\u00e9change de nouvelles visions et incitant \u00e0 trouver des solutions r\u00e9alistes aux grands d\u00e9fis mondiaux. Cette Exposition Universelle est la premi\u00e8re du genre \u00e0 \u00eatre organis\u00e9e dans les r\u00e9gions Moyen-Orient, Afrique et Asie du Sud.<\/p>\n","protected":false},"excerpt":{"rendered":"<p>Son Altesse Cheikh Mohammed Bin Rashid Al Maktoum, Vice-Pr\u00e9sident de l\u2019\u00c9tat des \u00c9mirats Arabes Unis, Pr\u00e9sident du Conseil des Ministres et Gouverneur de Duba\u00ef, a visit\u00e9 hier jeudi le pavillon du Maroc \u00e0 l&#8217;Exposition Universelle \u00abExpo 2020 Duba\u00ef\u00bb. Le haut responsable a effectu\u00e9, \u00e0 cette occasion, une tourn\u00e9e dans le pavillon marocain plac\u00e9 sous le &hellip;<\/p>\n","protected":false},"author":9,"featured_media":10120,"comment_status":"open","ping_status":"closed","sticky":false,"template":"","format":"standard","meta":{"footnotes":""},"categories":[446],"tags":[],"class_list":["post-10119","post","type-post","status-publish","format-standard","has-post-thumbnail","hentry","category-expo-dubai-2"],"_links":{"self":[{"href":"https:\/\/letempsmag.ma\/index.php?rest_route=\/wp\/v2\/posts\/10119","targetHints":{"allow":["GET"]}}],"collection":[{"href":"https:\/\/letempsmag.ma\/index.php?rest_route=\/wp\/v2\/posts"}],"about":[{"href":"https:\/\/letempsmag.ma\/index.php?rest_route=\/wp\/v2\/types\/post"}],"author":[{"embeddable":true,"href":"https:\/\/letempsmag.ma\/index.php?rest_route=\/wp\/v2\/users\/9"}],"replies":[{"embeddable":true,"href":"https:\/\/letempsmag.ma\/index.php?rest_route=%2Fwp%2Fv2%2Fcomments&post=10119"}],"version-history":[{"count":1,"href":"https:\/\/letempsmag.ma\/index.php?rest_route=\/wp\/v2\/posts\/10119\/revisions"}],"predecessor-version":[{"id":10121,"href":"https:\/\/letempsmag.ma\/index.php?rest_route=\/wp\/v2\/posts\/10119\/revisions\/10121"}],"wp:featuredmedia":[{"embeddable":true,"href":"https:\/\/letempsmag.ma\/index.php?rest_route=\/wp\/v2\/media\/10120"}],"wp:attachment":[{"href":"https:\/\/letempsmag.ma\/index.php?rest_route=%2Fwp%2Fv2%2Fmedia&parent=10119"}],"wp:term":[{"taxonomy":"category","embeddable":true,"href":"https:\/\/letempsmag.ma\/index.php?rest_route=%2Fwp%2Fv2%2Fcategories&post=10119"},{"taxonomy":"post_tag","embeddable":true,"href":"https:\/\/letempsmag.ma\/index.php?rest_route=%2Fwp%2Fv2%2Ftags&post=10119"}],"curies":[{"name":"wp","href":"https:\/\/api.w.org\/{rel}","templated":true}]}}